{"id":6246,"date":"2024-07-05T18:42:39","date_gmt":"2024-07-05T18:42:39","guid":{"rendered":"https:\/\/www.padreleo.org\/?p=6246"},"modified":"2024-07-05T18:51:37","modified_gmt":"2024-07-05T18:51:37","slug":"o-que-e-a-nova-evangelizacao","status":"publish","type":"post","link":"https:\/\/www.padreleo.org\/?p=6246","title":{"rendered":"O que \u00e9 a Nova Evangeliza\u00e7\u00e3o"},"content":{"rendered":"<p>O Papa Jo\u00e3o Paulo II, em 9 de junho de 1979, na sua visita \u00e0 Pol\u00f3nia, pela primeira usou a express\u00e3o nova evangeliza\u00e7\u00e3o, dizendo: \u201cIniciou-se uma nova evangeliza\u00e7\u00e3o, quase como se se tratasse de um segundo an\u00fancio, embora na realidade seja sempre o mesmo\u201d. Em 1983, em Haiti disse \u201ceste compromisso pela nova evangeliza\u00e7\u00e3o consiste nos seus m\u00e9todos e express\u00e3o\u201d. Trata-se de r\u00e9-evangelizar um povo cuja hist\u00f3ria est\u00e1 marcada pela f\u00e9 cat\u00f3lica, chamando a aten\u00e7\u00e3o para a necessidade dum maior aprofundamento e viv\u00eancia da f\u00e9 e apelando a uma maior viv\u00eancia dos sacramentos.<br \/>\n<a href=\"https:\/\/www.padreleo.org\/media\/A-Nova-Evangelizacao.pdf\">A Nova Evangeliza\u00e7\u00e3o<\/a><\/p>\n","protected":false},"excerpt":{"rendered":"<p>O Papa Jo\u00e3o Paulo II, em 9 de junho de 1979, na sua visita \u00e0 Pol\u00f3nia, pela primeira usou a express\u00e3o nova evangeliza\u00e7\u00e3o, dizendo: \u201cIniciou-se uma nova evangeliza\u00e7\u00e3o, quase como se se tratasse de um segundo an\u00fancio, embora na realidade seja sempre o mesmo\u201d. Em 1983, em Haiti disse \u201ceste compromisso pela nova evangeliza\u00e7\u00e3o consiste [&hellip;]<\/p>\n","protected":false},"author":2,"featured_media":0,"comment_status":"closed","ping_status":"closed","sticky":false,"template":"","format":"standard","meta":{"_bbp_topic_count":0,"_bbp_reply_count":0,"_bbp_total_topic_count":0,"_bbp_total_reply_count":0,"_bbp_voice_count":0,"_bbp_anonymous_reply_count":0,"_bbp_topic_count_hidden":0,"_bbp_reply_count_hidden":0,"_bbp_forum_subforum_count":0,"footnotes":""},"categories":[12],"tags":[115],"class_list":["post-6246","post","type-post","status-publish","format-standard","hentry","category-doutrina-da-igreja","tag-evangelizar"],"_links":{"self":[{"href":"https:\/\/www.padreleo.org\/index.php?rest_route=\/wp\/v2\/posts\/6246","targetHints":{"allow":["GET"]}}],"collection":[{"href":"https:\/\/www.padreleo.org\/index.php?rest_route=\/wp\/v2\/posts"}],"about":[{"href":"https:\/\/www.padreleo.org\/index.php?rest_route=\/wp\/v2\/types\/post"}],"author":[{"embeddable":true,"href":"https:\/\/www.padreleo.org\/index.php?rest_route=\/wp\/v2\/users\/2"}],"replies":[{"embeddable":true,"href":"https:\/\/www.padreleo.org\/index.php?rest_route=%2Fwp%2Fv2%2Fcomments&post=6246"}],"version-history":[{"count":3,"href":"https:\/\/www.padreleo.org\/index.php?rest_route=\/wp\/v2\/posts\/6246\/revisions"}],"predecessor-version":[{"id":6250,"href":"https:\/\/www.padreleo.org\/index.php?rest_route=\/wp\/v2\/posts\/6246\/revisions\/6250"}],"wp:attachment":[{"href":"https:\/\/www.padreleo.org\/index.php?rest_route=%2Fwp%2Fv2%2Fmedia&parent=6246"}],"wp:term":[{"taxonomy":"category","embeddable":true,"href":"https:\/\/www.padreleo.org\/index.php?rest_route=%2Fwp%2Fv2%2Fcategories&post=6246"},{"taxonomy":"post_tag","embeddable":true,"href":"https:\/\/www.padreleo.org\/index.php?rest_route=%2Fwp%2Fv2%2Ftags&post=6246"}],"curies":[{"name":"wp","href":"https:\/\/api.w.org\/{rel}","templated":true}]}}