{"id":6240,"date":"2024-06-26T10:13:50","date_gmt":"2024-06-26T10:13:50","guid":{"rendered":"https:\/\/www.padreleo.org\/?p=6240"},"modified":"2024-07-05T09:27:59","modified_gmt":"2024-07-05T09:27:59","slug":"a-oracao-do-senhor-o-pai-nosso","status":"publish","type":"post","link":"https:\/\/www.padreleo.org\/?p=6240","title":{"rendered":"A ora\u00e7\u00e3o do Senhor: o Pai Nosso"},"content":{"rendered":"<p>O Ora\u00e7\u00e3o do Pai Nosso \u00e9 o resumo de todo o Evangelho. \u00c9 a ora\u00e7\u00e3o que o Senhor nos ensinou. Santo Agostinho dizia que \u00e9 o comp\u00eandio de todas as ora\u00e7\u00f5es porque entre todas as ora\u00e7\u00f5es da Sagrada Escritura n\u00e3o podemos encontrar uma s\u00f3 que n\u00e3o esteja inclu\u00edda ou resumida nesta ora\u00e7\u00e3o\u00bb (Ep\u00edstola 130). S\u00e3o Tom\u00e1s de Aquino, afirmava: \u00abA ora\u00e7\u00e3o dominical \u00e9 a mais perfeita das ora\u00e7\u00f5es [&#8230;]. Nela, n\u00e3o s\u00f3 pedimos tudo quanto podemos retamente desejar, mas tamb\u00e9m, segundo a ordem, tudo quanto \u00e9 conveniente desejar, de modo que esta ora\u00e7\u00e3o, n\u00e3o s\u00f3 nos ensina a pedir, mas tamb\u00e9m plasma todos os nossos afetos\u00bb (Suma Teol\u00f3gica, 2-2 q. 83, a. 9; CIC 2762-2763).<br \/>\n&#8211; <a href=\"https:\/\/www.padreleo.org\/media\/A-oracao-do-Pai-Nosso.pdf\">A ora\u00e7\u00e3o do Pai Nosso<\/a><\/p>\n","protected":false},"excerpt":{"rendered":"<p>O Ora\u00e7\u00e3o do Pai Nosso \u00e9 o resumo de todo o Evangelho. \u00c9 a ora\u00e7\u00e3o que o Senhor nos ensinou. Santo Agostinho dizia que \u00e9 o comp\u00eandio de todas as ora\u00e7\u00f5es porque entre todas as ora\u00e7\u00f5es da Sagrada Escritura n\u00e3o podemos encontrar uma s\u00f3 que n\u00e3o esteja inclu\u00edda ou resumida nesta ora\u00e7\u00e3o\u00bb (Ep\u00edstola 130). S\u00e3o [&hellip;]<\/p>\n","protected":false},"author":2,"featured_media":0,"comment_status":"closed","ping_status":"closed","sticky":false,"template":"","format":"standard","meta":{"_bbp_topic_count":0,"_bbp_reply_count":0,"_bbp_total_topic_count":0,"_bbp_total_reply_count":0,"_bbp_voice_count":0,"_bbp_anonymous_reply_count":0,"_bbp_topic_count_hidden":0,"_bbp_reply_count_hidden":0,"_bbp_forum_subforum_count":0,"footnotes":""},"categories":[111],"tags":[],"class_list":["post-6240","post","type-post","status-publish","format-standard","hentry","category-oracao-e-vida"],"_links":{"self":[{"href":"https:\/\/www.padreleo.org\/index.php?rest_route=\/wp\/v2\/posts\/6240","targetHints":{"allow":["GET"]}}],"collection":[{"href":"https:\/\/www.padreleo.org\/index.php?rest_route=\/wp\/v2\/posts"}],"about":[{"href":"https:\/\/www.padreleo.org\/index.php?rest_route=\/wp\/v2\/types\/post"}],"author":[{"embeddable":true,"href":"https:\/\/www.padreleo.org\/index.php?rest_route=\/wp\/v2\/users\/2"}],"replies":[{"embeddable":true,"href":"https:\/\/www.padreleo.org\/index.php?rest_route=%2Fwp%2Fv2%2Fcomments&post=6240"}],"version-history":[{"count":4,"href":"https:\/\/www.padreleo.org\/index.php?rest_route=\/wp\/v2\/posts\/6240\/revisions"}],"predecessor-version":[{"id":6245,"href":"https:\/\/www.padreleo.org\/index.php?rest_route=\/wp\/v2\/posts\/6240\/revisions\/6245"}],"wp:attachment":[{"href":"https:\/\/www.padreleo.org\/index.php?rest_route=%2Fwp%2Fv2%2Fmedia&parent=6240"}],"wp:term":[{"taxonomy":"category","embeddable":true,"href":"https:\/\/www.padreleo.org\/index.php?rest_route=%2Fwp%2Fv2%2Fcategories&post=6240"},{"taxonomy":"post_tag","embeddable":true,"href":"https:\/\/www.padreleo.org\/index.php?rest_route=%2Fwp%2Fv2%2Ftags&post=6240"}],"curies":[{"name":"wp","href":"https:\/\/api.w.org\/{rel}","templated":true}]}}