{"id":5470,"date":"2022-07-17T21:42:01","date_gmt":"2022-07-17T21:42:01","guid":{"rendered":"https:\/\/www.padreleo.org\/?p=5470"},"modified":"2022-08-06T10:54:29","modified_gmt":"2022-08-06T10:54:29","slug":"reconheceram-no-na-fraccao-do-pao","status":"publish","type":"post","link":"https:\/\/www.padreleo.org\/?p=5470","title":{"rendered":"RECONHECERAM-NO NA FRAC\u00c7\u00c3O DO P\u00c3O"},"content":{"rendered":"<p><img loading=\"lazy\" decoding=\"async\" src=\"https:\/\/www.padreleo.org\/media\/os-discipulos-de-emaus-frame-300x169.jpg\" alt=\"\" width=\"300\" height=\"169\" class=\"alignnone size-medium wp-image-5493\" srcset=\"https:\/\/www.padreleo.org\/media\/os-discipulos-de-emaus-frame-300x169.jpg 300w, https:\/\/www.padreleo.org\/media\/os-discipulos-de-emaus-frame.jpg 640w\" sizes=\"auto, (max-width: 300px) 100vw, 300px\" \/><\/p>\n<p>&#8211; <a href=\"https:\/\/www.padreleo.org\/media\/Nao-nos-ardia-o-coracao-uma-meditacao-sobre-a-vida-eucaristica.pdf\">N\u00e3o nos ardia o cora\u00e7\u00e3o, uma medita\u00e7\u00e3o sobre a vida eucar\u00edstica<\/a><br \/>\n&#8211; <a href=\"https:\/\/www.padreleo.org\/media\/As-nossas-perdas-ressentimento-ou-gratidao.pdf\">As nossas perdas, ressentimento ou gratid\u00e3o<\/a><br \/>\n&#8211; <a href=\"https:\/\/www.padreleo.org\/media\/Senhor-tende-piedade-de-nos.pdf\">Senhor, tende piedade de n\u00f3s<\/a><br \/>\n&#8211; <a href=\"https:\/\/www.padreleo.org\/media\/Discernindo-a-Presenca.pdf\">Discernindo a Presen\u00e7a<\/a><br \/>\n&#8211; <a href=\"https:\/\/www.padreleo.org\/media\/Convidando-o-Estranho.pdf\">Convidando o Estranho<\/a><br \/>\n&#8211; <a href=\"https:\/\/www.padreleo.org\/media\/Entrando-em-comunhao.pdf\">Entrando em comunh\u00e3o<\/a><br \/>\n&#8211; <a href=\"https:\/\/www.padreleo.org\/media\/Partindo-em-missao.pdf\">Partindo em miss\u00e3o<\/a><\/p>\n<p>&#8211; <a href=\"https:\/\/www.padreleo.org\/media\/Catequeses-do-Papa-Francisco-sobre-os-sacramentos.pdf\">Catequeses do Papa Francisco sobre os sacramentos<\/a><br \/>\n&#8211; <a href=\"https:\/\/www.padreleo.org\/media\/Catequeses-sobre-a-Santa-Missa-Papa-Francisco.pdf\">Catequeses sobre a Santa Missa &#8211; Papa Francisco<\/a><br \/>\n&#8211; <a href=\"https:\/\/www.padreleo.org\/media\/Catequeses-sobre-o-Pai-Nosso-Papa-Francisco.pdf\">Catequeses sobre o Pai Nosso &#8211; Papa Francisco<\/a><br \/>\n&#8211; <a href=\"https:\/\/www.padreleo.org\/media\/Catequeses-sobre-a-esperanca-Papa-Francisco.pdf\">Catequeses sobre a esperan\u00e7a &#8211; Papa Francisco<\/a><br \/>\n&#8211; <a href=\"https:\/\/www.padreleo.org\/media\/Catequeses-sobre-a-os-mandamentos-Papa-Francisco.pdf\">Catequeses sobre a os mandamentos &#8211; Papa Francisco<\/a><br \/>\n&#8211; <a href=\"https:\/\/www.padreleo.org\/media\/Catequeses-sobre-a-familia-Papa-Francisco.pdf\">Catequeses sobre a fam\u00edlia &#8211; Papa Francisco<\/a><\/p>\n","protected":false},"excerpt":{"rendered":"<p>&#8211; N\u00e3o nos ardia o cora\u00e7\u00e3o, uma medita\u00e7\u00e3o sobre a vida eucar\u00edstica &#8211; As nossas perdas, ressentimento ou gratid\u00e3o &#8211; Senhor, tende piedade de n\u00f3s &#8211; Discernindo a Presen\u00e7a &#8211; Convidando o Estranho &#8211; Entrando em comunh\u00e3o &#8211; Partindo em miss\u00e3o &#8211; Catequeses do Papa Francisco sobre os sacramentos &#8211; Catequeses sobre a Santa Missa [&hellip;]<\/p>\n","protected":false},"author":2,"featured_media":0,"comment_status":"closed","ping_status":"closed","sticky":false,"template":"","format":"standard","meta":{"_bbp_topic_count":0,"_bbp_reply_count":0,"_bbp_total_topic_count":0,"_bbp_total_reply_count":0,"_bbp_voice_count":0,"_bbp_anonymous_reply_count":0,"_bbp_topic_count_hidden":0,"_bbp_reply_count_hidden":0,"_bbp_forum_subforum_count":0,"footnotes":""},"categories":[5],"tags":[],"class_list":["post-5470","post","type-post","status-publish","format-standard","hentry","category-eucaristia"],"_links":{"self":[{"href":"https:\/\/www.padreleo.org\/index.php?rest_route=\/wp\/v2\/posts\/5470","targetHints":{"allow":["GET"]}}],"collection":[{"href":"https:\/\/www.padreleo.org\/index.php?rest_route=\/wp\/v2\/posts"}],"about":[{"href":"https:\/\/www.padreleo.org\/index.php?rest_route=\/wp\/v2\/types\/post"}],"author":[{"embeddable":true,"href":"https:\/\/www.padreleo.org\/index.php?rest_route=\/wp\/v2\/users\/2"}],"replies":[{"embeddable":true,"href":"https:\/\/www.padreleo.org\/index.php?rest_route=%2Fwp%2Fv2%2Fcomments&post=5470"}],"version-history":[{"count":13,"href":"https:\/\/www.padreleo.org\/index.php?rest_route=\/wp\/v2\/posts\/5470\/revisions"}],"predecessor-version":[{"id":5650,"href":"https:\/\/www.padreleo.org\/index.php?rest_route=\/wp\/v2\/posts\/5470\/revisions\/5650"}],"wp:attachment":[{"href":"https:\/\/www.padreleo.org\/index.php?rest_route=%2Fwp%2Fv2%2Fmedia&parent=5470"}],"wp:term":[{"taxonomy":"category","embeddable":true,"href":"https:\/\/www.padreleo.org\/index.php?rest_route=%2Fwp%2Fv2%2Fcategories&post=5470"},{"taxonomy":"post_tag","embeddable":true,"href":"https:\/\/www.padreleo.org\/index.php?rest_route=%2Fwp%2Fv2%2Ftags&post=5470"}],"curies":[{"name":"wp","href":"https:\/\/api.w.org\/{rel}","templated":true}]}}