{"id":5047,"date":"2022-05-14T11:13:42","date_gmt":"2022-05-14T11:13:42","guid":{"rendered":"https:\/\/www.padreleo.org\/?p=5047"},"modified":"2025-04-06T14:22:51","modified_gmt":"2025-04-06T14:22:51","slug":"homilias-de-padre-leo","status":"publish","type":"post","link":"https:\/\/www.padreleo.org\/?p=5047","title":{"rendered":"Homilias de Padre Leo"},"content":{"rendered":"<p>&#8211; <a href=\"https:\/\/www.padreleo.org\/media\/Somos-a-imagem-de-Deus.pdf\">Somos a imagem de Deus<\/a><br \/>\n&#8211; <a href=\"https:\/\/www.padreleo.org\/media\/Segunda-feira-da-1a-semana-do-Advento.docx\">A cura do servo do centuri\u00e3o<\/a><br \/>\n&#8211; <a href=\"https:\/\/www.padreleo.org\/media\/O-jovem-rico.pdf\">O jovem rico<\/a><br \/>\n&#8211; <a href=\"https:\/\/www.padreleo.org\/media\/O-filho-prodigo.pdf\">O filho pr\u00f3digo<\/a><br \/>\n&#8211; <a href=\"https:\/\/www.padreleo.org\/media\/A-mulher-sirofenicia.pdf\">A mulher siro-fen\u00edcia<\/a><br \/>\n&#8211; <a href=\"https:\/\/www.padreleo.org\/media\/A-cura-do-filho-do-funcionario-real.pdf\">A cura do filho do funcion\u00e1rio real<\/a><br \/>\n&#8211; <a href=\"https:\/\/www.padreleo.org\/media\/Os-dois-discipulos-de-Emaus.pdf\">Os dois disc\u00edpulos de Emma\u00fas<\/a><br \/>\n&#8211; <a href=\"https:\/\/www.padreleo.org\/media\/Exortacao-ao-arrependimento.pdf\">Exorta\u00e7\u00e3o ao arrependimento<\/a><\/p>\n<p>&#8211; <a href=\"https:\/\/www.padreleo.org\/media\/Porque-se-celebra-o-nascimento-de-Jesus-a-25-de-dezembro.pdf\">Porqu\u00ea se celebra o nascimento de Jesus a 25 de dezembro<\/a><br \/>\n&#8211; <a href=\"https:\/\/www.padreleo.org\/media\/Viver-o-tempo-de-Advento.pdf\">Viver o tempo de Advento<\/a><br \/>\n&#8211; <a href=\"https:\/\/www.padreleo.org\/media\/O-que-era-a-estrela-que-conduzia-os-magos-1.pdf\">O que era a estrela que conduzia os magos<\/a><br \/>\n&#8211; <a href=\"https:\/\/www.padreleo.org\/media\/O-Dogma-da-Imaculad-Conceicao-de-Maria.pdf\">O Dogma da Imaculada Concei\u00e7\u00e3o de Maria<\/a><br \/>\n&#8211; <a href=\"https:\/\/www.padreleo.org\/media\/Festa-da-Imaculada-Conceicao-de-Maria.pdf\">Festa da Imaculada Concei\u00e7\u00e3o de Maria<\/a><\/p>\n<p>&#8211; <a href=\"https:\/\/www.padreleo.org\/media\/Os-dois-caminhos-1.pdf\">Os dois caminhos<\/a><br \/>\n&#8211; <a href=\"https:\/\/www.padreleo.org\/media\/Vigiai-e-orai.pdf\">Vigiai e orai<\/a><br \/>\n&#8211; <a href=\"https:\/\/www.padreleo.org\/media\/Vigiai-pois-nao-sabeis-o-dia.pdf\">Vigiai, pois n\u00e3o sabeis o dia<\/a><br \/>\n&#8211; <a href=\"https:\/\/www.padreleo.org\/media\/Noite-de-Natal-do-Senhor.pdf\">Noite de Natal do Senhor<\/a><\/p>\n<p>&#8211; <a href=\"https:\/\/www.padreleo.org\/media\/O-nascimento-de-Jesus-nos-evangelhos.pdf\">O nascimento de Jesus nos evangelhos<\/a><br \/>\n&#8211; <a href=\"https:\/\/www.padreleo.org\/media\/Epifania-do-Senhor.pdf\">Epifania do Senhor<\/a><br \/>\n&#8211; <a href=\"https:\/\/www.padreleo.org\/media\/A-matanca-dos-inocentes-por-Herodes.pdf\">A matan\u00e7a dos inocentes por Herodes<\/a><br \/>\n&#8211; <a href=\"https:\/\/www.padreleo.org\/media\/Quarta-feira-cinzas-A.pdf\">Quarta-feira cinzas A<\/a><br \/>\n&#8211; <a href=\"https:\/\/www.padreleo.org\/media\/As-tentacoes-de-Jesus-no-deserto.pdf\">As tenta\u00e7\u00f5es de Jesus no deserto<\/a><br \/>\n&#8211; <a href=\"https:\/\/www.padreleo.org\/media\/As-cinco-chagas-do-Senhor.pdf\">As cinco chagas do Senhor<\/a><\/p>\n<p>&#8211; <a href=\"https:\/\/www.padreleo.org\/media\/Jesus-na-sinagoga-de-Nazare-1.pdf\">Jesus na sinagoga de Nazar\u00e9<\/a><br \/>\n&#8211; <a href=\"https:\/\/www.padreleo.org\/media\/Jesus-na-sinagoga-de-Nazare.pdf\">Jesus na sinagoga de Nazar\u00e9<\/a><br \/>\n&#8211; <a href=\"https:\/\/www.padreleo.org\/media\/A-transfiguracao-de-Jesus.pdf\">A transfigura\u00e7\u00e3o de Jesus<\/a><br \/>\n&#8211; <a href=\"https:\/\/www.padreleo.org\/media\/Ascensao-do-Senhor.pdf\">Ascens\u00e3o do Senhor<\/a><br \/>\n&#8211; <a href=\"https:\/\/www.padreleo.org\/media\/Solenidade-de-Pentecostes-ano-c.pdf\">Solenidade de Pentecostes-ano-c<\/a><br \/>\n&#8211; <a href=\"https:\/\/www.padreleo.org\/media\/Festa-de-todos-os-santos.pdf\">Festa de todos os santos<\/a><br \/>\n&#8211; <a href=\"https:\/\/www.padreleo.org\/media\/Festa-da-Cadeira-de-Sao-Pedro.pdf\">Festa da Cadeira de S\u00e3o Pedro<\/a><br \/>\n&#8211; <a href=\"https:\/\/www.padreleo.org\/media\/A-Santissima-Trindade-Misterio-de-Amor.pdf\">A Sant\u00edssima Trindade Mist\u00e9rio de Amor<\/a><br \/>\n&#8211; <a href=\"https:\/\/www.padreleo.org\/media\/Cristo-Rei-do-Universo.pdf\">Cristo Rei do Universo<\/a><\/p>\n<p>&#8211;<a href=\"https:\/\/www.padreleo.org\/media\/O-Reino-de-Deus-em-primeiro-lugar-1.pdf\">O Reino de Deus em primeiro lugar<\/a><br \/>\n&#8211; <a href=\"https:\/\/www.padreleo.org\/media\/Que-todos-sejam-um-1.pdf\">Que todos sejam um<\/a><br \/>\n&#8211; <a href=\"https:\/\/www.padreleo.org\/media\/Lancai-as-redes-para-a-pesca.pdf\">Lan\u00e7ai as redes para a pesca<\/a><br \/>\n&#8211; <a href=\"https:\/\/www.padreleo.org\/media\/A-parabola-dos-dois-filhos-enviados.pdf\">A par\u00e1bola dos dois filhos enviados<\/a><br \/>\n&#8211; <a href=\"https:\/\/www.padreleo.org\/media\/Nao-temais-os-que-matam-o-corpo.pdf\">N\u00e3o temais os que matam o corpo<\/a><br \/>\n&#8211; <a href=\"https:\/\/www.padreleo.org\/media\/Esta-e-a-Vontade-dAquele-que-me-enviou-1.pdf\">Esta \u00e9 a Vontade d&#8217;Aquele que me enviou<\/a><br \/>\n&#8211; <a href=\"https:\/\/www.padreleo.org\/media\/Quem-se-humilha-sera-exaltado.docx\">Quem se humilha ser\u00e1 exaltado<\/a><br \/>\n&#8211; <a href=\"https:\/\/www.padreleo.org\/media\/Vinde-Comigo-e-descansai-um-pouco-1.pdf\">Vinde Comigo e descansai um pouco<\/a><br \/>\n&#8211; <a href=\"https:\/\/www.padreleo.org\/media\/A-Segunda-multiplicacao-dos-paes.pdf\">A Segunda multiplica\u00e7\u00e3o dos p\u00e3es<\/a><\/p>\n<p>&#8211; <a href=\"https:\/\/www.padreleo.org\/media\/Eu-sou-o-Caminho-a-Verdade-e-a-Vida.pdf\">Eu sou o Caminho, a Verdade e a Vida<\/a><br \/>\n&#8211; <a href=\"https:\/\/www.padreleo.org\/media\/Nao-sabeis-o-que-pedis.pdf\">N\u00e3o sabeis o que pedis<\/a><br \/>\n&#8211; <a href=\"https:\/\/www.padreleo.org\/media\/Que-todos-sejam-um.pdf\">Que todos sejam um<\/a><br \/>\n&#8211; <a href=\"https:\/\/www.padreleo.org\/media\/Sal-da-Terra-e-Luz-do-mundo.pdf\">Sal da Terra e Luz do mundo<\/a><br \/>\n&#8211; <a href=\"https:\/\/www.padreleo.org\/media\/A-parabola-do-semeador-A.pdf\">A par\u00e1bola do semeador-A<\/a><br \/>\n&#8211; <a href=\"https:\/\/www.padreleo.org\/media\/Marta-e-Maria.pdf\">Marta e Maria<\/a><\/p>\n<p>&#8211; <a href=\"https:\/\/www.padreleo.org\/media\/Beata-Alexandrina-Maria-da-Costa.pdf\">Beata Alexandrina Maria da Costa<\/a><\/p>\n","protected":false},"excerpt":{"rendered":"<p>&#8211; Somos a imagem de Deus &#8211; A cura do servo do centuri\u00e3o &#8211; O jovem rico &#8211; O filho pr\u00f3digo &#8211; A mulher siro-fen\u00edcia &#8211; A cura do filho do funcion\u00e1rio real &#8211; Os dois disc\u00edpulos de Emma\u00fas &#8211; Exorta\u00e7\u00e3o ao arrependimento &#8211; Porqu\u00ea se celebra o nascimento de Jesus a 25 de dezembro [&hellip;]<\/p>\n","protected":false},"author":2,"featured_media":0,"comment_status":"closed","ping_status":"closed","sticky":false,"template":"","format":"standard","meta":{"_bbp_topic_count":0,"_bbp_reply_count":0,"_bbp_total_topic_count":0,"_bbp_total_reply_count":0,"_bbp_voice_count":0,"_bbp_anonymous_reply_count":0,"_bbp_topic_count_hidden":0,"_bbp_reply_count_hidden":0,"_bbp_forum_subforum_count":0,"footnotes":""},"categories":[112],"tags":[],"class_list":["post-5047","post","type-post","status-publish","format-standard","hentry","category-homilias"],"_links":{"self":[{"href":"https:\/\/www.padreleo.org\/index.php?rest_route=\/wp\/v2\/posts\/5047","targetHints":{"allow":["GET"]}}],"collection":[{"href":"https:\/\/www.padreleo.org\/index.php?rest_route=\/wp\/v2\/posts"}],"about":[{"href":"https:\/\/www.padreleo.org\/index.php?rest_route=\/wp\/v2\/types\/post"}],"author":[{"embeddable":true,"href":"https:\/\/www.padreleo.org\/index.php?rest_route=\/wp\/v2\/users\/2"}],"replies":[{"embeddable":true,"href":"https:\/\/www.padreleo.org\/index.php?rest_route=%2Fwp%2Fv2%2Fcomments&post=5047"}],"version-history":[{"count":62,"href":"https:\/\/www.padreleo.org\/index.php?rest_route=\/wp\/v2\/posts\/5047\/revisions"}],"predecessor-version":[{"id":6376,"href":"https:\/\/www.padreleo.org\/index.php?rest_route=\/wp\/v2\/posts\/5047\/revisions\/6376"}],"wp:attachment":[{"href":"https:\/\/www.padreleo.org\/index.php?rest_route=%2Fwp%2Fv2%2Fmedia&parent=5047"}],"wp:term":[{"taxonomy":"category","embeddable":true,"href":"https:\/\/www.padreleo.org\/index.php?rest_route=%2Fwp%2Fv2%2Fcategories&post=5047"},{"taxonomy":"post_tag","embeddable":true,"href":"https:\/\/www.padreleo.org\/index.php?rest_route=%2Fwp%2Fv2%2Ftags&post=5047"}],"curies":[{"name":"wp","href":"https:\/\/api.w.org\/{rel}","templated":true}]}}