{"id":5029,"date":"2022-05-28T14:26:03","date_gmt":"2022-05-28T14:26:03","guid":{"rendered":"https:\/\/www.padreleo.org\/?p=5029"},"modified":"2025-05-26T13:23:25","modified_gmt":"2025-05-26T13:23:25","slug":"oracao-ao-beato-joao-batista-scalabrini","status":"publish","type":"post","link":"https:\/\/www.padreleo.org\/?p=5029","title":{"rendered":"Jo\u00e3o Batista Scalabrini ser\u00e1 proclamado Santo"},"content":{"rendered":"<p><img loading=\"lazy\" decoding=\"async\" src=\"https:\/\/www.padreleo.org\/media\/Beato-Joao-Batista-Scalabrini-300x287.jpg\" alt=\"\" width=\"300\" height=\"287\" class=\"alignnone size-medium wp-image-5384\" srcset=\"https:\/\/www.padreleo.org\/media\/Beato-Joao-Batista-Scalabrini-300x287.jpg 300w, https:\/\/www.padreleo.org\/media\/Beato-Joao-Batista-Scalabrini-768x736.jpg 768w, https:\/\/www.padreleo.org\/media\/Beato-Joao-Batista-Scalabrini.jpg 903w\" sizes=\"auto, (max-width: 300px) 100vw, 300px\" \/><\/p>\n<p>N\u00f3s, os Mission\u00e1rios Scalabrinianos, que trabalhamos em Portugal desde 1971, comunicamos com grande alegria que o nosso fundador, o Bem-aventurado Jo\u00e3o Batista Scalabrini, foi canonizado por Papa Francismo no dia 9 de outubro de 2022. Alguns peregrinos, sacerdotes e leigos da Par\u00f3quia de Amora participaram presencialmente na celebra\u00e7\u00e3o presidida pelo Papa Francisco em Roma. Um bom grupo de fieis juntaram-se no sal\u00e3o da Igreja Scalabrini e participaram na celebra\u00e7\u00e3o transmitida em direto. Saudaram o acontecimento com uma grande salva de palmas. Foi um momento de grande alegria. Seguiu em prociss\u00e3o para a entrada da Igreja, onde foi inaugurado um azulejo comemorativo. Sentimo-nos honrados de termos na Amora uma igreja dedicada a S\u00e3o Jo\u00e3o Batista Scalabrini.<\/p>\n<p>A nossa Par\u00f3quia re\u00fane migrantes migrantes de diversas proveni\u00eancias, de Cabo Verde, do Brasil, de Goa, de Guin\u00e9 Bissau e de outros pa\u00edses. Por isso, sentimo-nos ainda mais respons\u00e1veis em viver o carisma do nosso fundador, S\u00e3o Jo\u00e3o Batista Scalabrini, o Pai dos migrantes, contruindo fraternidade e valorizando diversidade de cada povo. S\u00e3o Jo\u00e3o Batista Scalabrini, desde sempre, foi um ponto de refer\u00eancia para os migrantes e muito mais o ser\u00e1 agora. Que Senhor nos torne dignos dessa grande gra\u00e7a que recebemos, pondo-nos, cada vez mais, ao servi\u00e7o dos migrantes, sobretudo, dos mais pobres e marginalizados.<\/p>\n<p>S\u00e3o Jo\u00e3o Batista Scalabrini,<br \/>\ncom o cora\u00e7\u00e3o de Bispo e fervor de Ap\u00f3stolo,<br \/>\ntu te fizeste tudo a todos.<br \/>\nEscutaste o clamor dos migrantes,<br \/>\nfalaste em seu nome, defendeste os seus direitos.<br \/>\nA Eucaristia foi o teu sustento,<br \/>\nA Cruz de Jesus o teu refujo,<br \/>\nMaria, M\u00e3e da igreja, o teu conforto.<br \/>\nPor tua intercess\u00e3o,<br \/>\nDeus, que Pai, Filho e Esp\u00edrito Santo,<br \/>\nconceda a paz a toda a humanidade ao mundo inteiro,<br \/>\nproteja os que cruzam mares e fronteiras,<br \/>\napoiados na esperan\u00e7a.<br \/>\nAben\u00e7oe-nos a n\u00f3s a aos nossos familiares<br \/>\ne concede-nos a gra\u00e7a que confiantes te pedimos.<br \/>\nAm\u00e9m<\/p>\n<p><img loading=\"lazy\" decoding=\"async\" src=\"https:\/\/www.padreleo.org\/media\/Joao-batista-scalabrini-300x122.jpg\" alt=\"\" width=\"300\" height=\"122\" class=\"alignnone size-medium wp-image-4212\" srcset=\"https:\/\/www.padreleo.org\/media\/Joao-batista-scalabrini-300x122.jpg 300w, https:\/\/www.padreleo.org\/media\/Joao-batista-scalabrini.jpg 351w\" sizes=\"auto, (max-width: 300px) 100vw, 300px\" \/><\/p>\n<p>Jo\u00e3o Batista Scalabrini, nasceu em Fino Mornasco (Como, Italia) em 8 de Julho de 1839. Terceiro filho de Lu\u00eds e Colomba Scalabrini. Recebeu de seus pais una s\u00f3lida educa\u00e7\u00e3o crist\u00e3. A sua espiritualidade inspirou-se em S\u00e3o Carlos Borromeu: o Crucifixo, a Eucaristia e a Virgem Maria. Foi o fundador dos Mission\u00e1rios e das Mission\u00e1rias de S\u00e3o Carlos (Scalabrinianos) para os Migrantes.<\/p>\n<p>Visite a p\u00e1gina dos<br \/>\n&#8211; <a href=\"https:\/\/www.scalabriniani.org\/pt\/\">Mission\u00e1rios Scalabrinianos<\/a><br \/>\nOs artigos s\u00e3o em l\u00edngua portuguesa.<\/p>\n","protected":false},"excerpt":{"rendered":"<p>N\u00f3s, os Mission\u00e1rios Scalabrinianos, que trabalhamos em Portugal desde 1971, comunicamos com grande alegria que o nosso fundador, o Bem-aventurado Jo\u00e3o Batista Scalabrini, foi canonizado por Papa Francismo no dia 9 de outubro de 2022. Alguns peregrinos, sacerdotes e leigos da Par\u00f3quia de Amora participaram presencialmente na celebra\u00e7\u00e3o presidida pelo Papa Francisco em Roma. Um [&hellip;]<\/p>\n","protected":false},"author":2,"featured_media":0,"comment_status":"closed","ping_status":"closed","sticky":false,"template":"","format":"standard","meta":{"_bbp_topic_count":0,"_bbp_reply_count":0,"_bbp_total_topic_count":0,"_bbp_total_reply_count":0,"_bbp_voice_count":0,"_bbp_anonymous_reply_count":0,"_bbp_topic_count_hidden":0,"_bbp_reply_count_hidden":0,"_bbp_forum_subforum_count":0,"footnotes":""},"categories":[111],"tags":[76],"class_list":["post-5029","post","type-post","status-publish","format-standard","hentry","category-oracao-e-vida","tag-oracao"],"_links":{"self":[{"href":"https:\/\/www.padreleo.org\/index.php?rest_route=\/wp\/v2\/posts\/5029","targetHints":{"allow":["GET"]}}],"collection":[{"href":"https:\/\/www.padreleo.org\/index.php?rest_route=\/wp\/v2\/posts"}],"about":[{"href":"https:\/\/www.padreleo.org\/index.php?rest_route=\/wp\/v2\/types\/post"}],"author":[{"embeddable":true,"href":"https:\/\/www.padreleo.org\/index.php?rest_route=\/wp\/v2\/users\/2"}],"replies":[{"embeddable":true,"href":"https:\/\/www.padreleo.org\/index.php?rest_route=%2Fwp%2Fv2%2Fcomments&post=5029"}],"version-history":[{"count":12,"href":"https:\/\/www.padreleo.org\/index.php?rest_route=\/wp\/v2\/posts\/5029\/revisions"}],"predecessor-version":[{"id":5758,"href":"https:\/\/www.padreleo.org\/index.php?rest_route=\/wp\/v2\/posts\/5029\/revisions\/5758"}],"wp:attachment":[{"href":"https:\/\/www.padreleo.org\/index.php?rest_route=%2Fwp%2Fv2%2Fmedia&parent=5029"}],"wp:term":[{"taxonomy":"category","embeddable":true,"href":"https:\/\/www.padreleo.org\/index.php?rest_route=%2Fwp%2Fv2%2Fcategories&post=5029"},{"taxonomy":"post_tag","embeddable":true,"href":"https:\/\/www.padreleo.org\/index.php?rest_route=%2Fwp%2Fv2%2Ftags&post=5029"}],"curies":[{"name":"wp","href":"https:\/\/api.w.org\/{rel}","templated":true}]}}