{"id":4897,"date":"2022-05-20T16:58:08","date_gmt":"2022-05-20T16:58:08","guid":{"rendered":"https:\/\/www.padreleo.org\/?p=4897"},"modified":"2023-01-29T16:18:03","modified_gmt":"2023-01-29T16:18:03","slug":"o-caminho-da-oracao","status":"publish","type":"post","link":"https:\/\/www.padreleo.org\/?p=4897","title":{"rendered":"A ora\u00e7\u00e3o \u00e9 \u00abcaminho\u00bb"},"content":{"rendered":"<p><strong>A ora\u00e7\u00e3o \u00e9 como a vida<\/strong>, \u00e9 um caminho em que temos sempre que aprender. Em todos os recantos da terra h\u00e1 homens e mulheres que se recolhem para a ora\u00e7\u00e3o. Em cada orante h\u00e1 sentimentos de gratid\u00e3o, de louvor, de s\u00faplica e de arrependimento; h\u00e1 pedidos de ajuda, de gra\u00e7a e de miseric\u00f3rdia; h\u00e1 desejo de construir unidade, fraternidade; h\u00e1 esperan\u00e7a dum mundo melhor, de bondade, de justi\u00e7a e de paz; h\u00e1 sede de atingir \u00e1gua nas fontes da vida, pois <em>\u00abQuem reza salva-se; quem n\u00e3o reza condena-se\u00bb.<\/em> <strong>A ora\u00e7\u00e3o n\u00e3o \u00e9 um dever, \u00e9 uma necessidade.<\/strong> Tal como o nosso corpo precisa de alimento assim a nossa alma precisa da ora\u00e7\u00e3o. Precisamos da ora\u00e7\u00e3o como o ara que respiramos, se n\u00e3o respiramos, morremos. Se n\u00e3o comemos, adoecemos e morremos. A mesma coisa acontece \u00e0 nossa alma: sem ora\u00e7\u00e3o, ela desfalece e morre. N\u00e3o \u00e9 Deus que precisa da nossa ora\u00e7\u00e3o, somos n\u00f3s que precisamos d&#8217;Ele para vivermos: a ora\u00e7\u00e3o \u00e9 o alimento da nossa alma.<\/p>\n<p><img loading=\"lazy\" decoding=\"async\" src=\"https:\/\/www.padreleo.org\/media\/Oracao-300x118.jpg\" alt=\"\" width=\"300\" height=\"118\" class=\"alignnone size-medium wp-image-5163\" srcset=\"https:\/\/www.padreleo.org\/media\/Oracao-300x118.jpg 300w, https:\/\/www.padreleo.org\/media\/Oracao-1024x402.jpg 1024w, https:\/\/www.padreleo.org\/media\/Oracao-768x301.jpg 768w, https:\/\/www.padreleo.org\/media\/Oracao.jpg 1280w\" sizes=\"auto, (max-width: 300px) 100vw, 300px\" \/><\/p>\n<p><strong>Jesus ensinou a \u00aborar sempre, sem desfalecer\u00bb<\/strong> (Lc 18, 1-8). Dever\u00edamos <em>\u00aborar sempre, sem cessar\u00bb<\/em> porque precisamos de Deus para viver. N\u00e3o podemos estar sempre em ora\u00e7\u00e3o, <strong>mas podemos dedicar-lhe alguns momentos privilegiados<\/strong>: a ora\u00e7\u00e3o da manh\u00e3 e da noite, a medita\u00e7\u00e3o di\u00e1ria da Palavra de Deus, a Santa Missa dominical e outros tempos fortes. <strong>Existem duas formas de ora\u00e7\u00e3o: a ora\u00e7\u00e3o vocal e a ora\u00e7\u00e3o mental<\/strong>, uma n\u00e3o exclui a outra. A ora\u00e7\u00e3o vocal \u00e9 a mais conhecida, \u00e9 ora\u00e7\u00e3o das multid\u00f5es. A ora\u00e7\u00e3o mental \u00e9 uma ora\u00e7\u00e3o silenciosa baseada na escuta da Palavra de Deus e nos movimentos interiores do cora\u00e7\u00e3o, incluis a medita\u00e7\u00e3o e a contempla\u00e7\u00e3o (CIC 2705).<\/p>\n<p>&#8211; <a href=\"https:\/\/www.padreleo.org\/media\/A-ORACAO-E-CAMINHO-A5.pdf\">A ora\u00e7\u00e3o \u00e9 caminho<\/a><br \/>\n&#8211; <a href=\"https:\/\/www.padreleo.org\/media\/A-oracao-vocal-1.pdf\">A ora\u00e7\u00e3o vocal<\/a><br \/>\n&#8211; <a href=\"https:\/\/www.padreleo.org\/media\/O-que-e-a-meditacao-1.pdf\">A medita\u00e7\u00e3o<\/a><br \/>\n&#8211; <a href=\"https:\/\/www.padreleo.org\/media\/A-contemplacao.pdf\">A contempla\u00e7\u00e3o<\/a><br \/>\n&#8211; <a href=\"https:\/\/www.padreleo.org\/media\/A-confianca-filial.pdf\">A atitude fundamental da ora\u00e7\u00e3o: a confian\u00e7a filial<\/a><\/p>\n","protected":false},"excerpt":{"rendered":"<p>A ora\u00e7\u00e3o \u00e9 como a vida, \u00e9 um caminho em que temos sempre que aprender. Em todos os recantos da terra h\u00e1 homens e mulheres que se recolhem para a ora\u00e7\u00e3o. Em cada orante h\u00e1 sentimentos de gratid\u00e3o, de louvor, de s\u00faplica e de arrependimento; h\u00e1 pedidos de ajuda, de gra\u00e7a e de miseric\u00f3rdia; h\u00e1 [&hellip;]<\/p>\n","protected":false},"author":2,"featured_media":0,"comment_status":"closed","ping_status":"closed","sticky":false,"template":"","format":"standard","meta":{"_bbp_topic_count":0,"_bbp_reply_count":0,"_bbp_total_topic_count":0,"_bbp_total_reply_count":0,"_bbp_voice_count":0,"_bbp_anonymous_reply_count":0,"_bbp_topic_count_hidden":0,"_bbp_reply_count_hidden":0,"_bbp_forum_subforum_count":0,"footnotes":""},"categories":[111],"tags":[],"class_list":["post-4897","post","type-post","status-publish","format-standard","hentry","category-oracao-e-vida"],"_links":{"self":[{"href":"https:\/\/www.padreleo.org\/index.php?rest_route=\/wp\/v2\/posts\/4897","targetHints":{"allow":["GET"]}}],"collection":[{"href":"https:\/\/www.padreleo.org\/index.php?rest_route=\/wp\/v2\/posts"}],"about":[{"href":"https:\/\/www.padreleo.org\/index.php?rest_route=\/wp\/v2\/types\/post"}],"author":[{"embeddable":true,"href":"https:\/\/www.padreleo.org\/index.php?rest_route=\/wp\/v2\/users\/2"}],"replies":[{"embeddable":true,"href":"https:\/\/www.padreleo.org\/index.php?rest_route=%2Fwp%2Fv2%2Fcomments&post=4897"}],"version-history":[{"count":19,"href":"https:\/\/www.padreleo.org\/index.php?rest_route=\/wp\/v2\/posts\/4897\/revisions"}],"predecessor-version":[{"id":5924,"href":"https:\/\/www.padreleo.org\/index.php?rest_route=\/wp\/v2\/posts\/4897\/revisions\/5924"}],"wp:attachment":[{"href":"https:\/\/www.padreleo.org\/index.php?rest_route=%2Fwp%2Fv2%2Fmedia&parent=4897"}],"wp:term":[{"taxonomy":"category","embeddable":true,"href":"https:\/\/www.padreleo.org\/index.php?rest_route=%2Fwp%2Fv2%2Fcategories&post=4897"},{"taxonomy":"post_tag","embeddable":true,"href":"https:\/\/www.padreleo.org\/index.php?rest_route=%2Fwp%2Fv2%2Ftags&post=4897"}],"curies":[{"name":"wp","href":"https:\/\/api.w.org\/{rel}","templated":true}]}}