{"id":4867,"date":"2022-02-18T10:51:35","date_gmt":"2022-02-18T10:51:35","guid":{"rendered":"https:\/\/www.padreleo.org\/?p=4867"},"modified":"2022-06-02T18:13:16","modified_gmt":"2022-06-02T18:13:16","slug":"novena-a-sao-jose","status":"publish","type":"post","link":"https:\/\/www.padreleo.org\/?p=4867","title":{"rendered":"Novena a S\u00e3o Jos\u00e9"},"content":{"rendered":"<p>A novena a S\u00e3o Jos\u00e9 deve ser rezada de 10 a 19 de mar\u00e7o em prepara\u00e7\u00e3o da Solenidade de S\u00e3o Jos\u00e9, esposo da Virgem Maria; de 22 de abril a 1\u00ba de maio, festa de S\u00e3o Jos\u00e9 Oper\u00e1rio; ou em qualquer altura do ano em devo\u00e7\u00e3o a S\u00e3o Jos\u00e9; quando precisamos de uma gra\u00e7a especial pela intercess\u00e3o de S\u00e3o Jos\u00e9; e, enfim, para lhe agradecer as gra\u00e7as recebidas.<br \/>\nCom o cora\u00e7\u00e3o de pai, Jos\u00e9 amou Jesus. Assim come\u00e7a a carta apost\u00f3lica do Papa Francisco por ocasi\u00e3o do 150\u00ba anivers\u00e1rio da declara\u00e7\u00e3o de S\u00e3o Jos\u00e9 como santo padroeiro da Igreja universal. Propomos nove dias de medita\u00e7\u00e3o orante com Jos\u00e9, refletindo sobre alguns pontos desta carta*, cujo objetivo \u00e9 \u201caumentar o amor por este grande Santo, para nos sentirmos impelidos a implorar a sua intercess\u00e3o e para imitarmos as suas virtudes e o seu desvelo\u201d. Com cora\u00e7\u00f5es de crian\u00e7as, vamos at\u00e9 Jos\u00e9 e nos voltamos a ele com confian\u00e7a. (Papa Francisco)<\/p>\n<p>&#8211; <a href=\"https:\/\/www.padreleo.org\/media\/Novena-Sao-Jose-Oracao-inicial.pdf\">Novena a S\u00e3o Jos\u00e9: Ora\u00e7\u00e3o inicial<\/a><br \/>\n&#8211; <a href=\"https:\/\/www.padreleo.org\/media\/Primeiro-dia-Sao-Jose-pai-amado.pdf\">Primeiro dia: S\u00e3o Jos\u00e9 pai amado<\/a><br \/>\n&#8211; <a href=\"https:\/\/www.padreleo.org\/media\/Segundo-dia-Sao-Jose-pai-na-ternura.pdf\">Segundo dia: S\u00e3o Jos\u00e9 pai na ternura<\/a><br \/>\n&#8211; <a href=\"https:\/\/www.padreleo.org\/media\/Terceiro-dia-Sao-Jose-pai-na-obediencia.pdf\">Terceiro dia: S\u00e3o Jos\u00e9 pai na obedi\u00eancia<\/a><br \/>\n&#8211; <a href=\"https:\/\/www.padreleo.org\/media\/Quarto-dia-Sao-Jose-pai-no-acolhimento.pdf\">Quarto dia: S\u00e3o Jos\u00e9 pai no acolhimento<\/a><br \/>\n&#8211; <a href=\"https:\/\/www.padreleo.org\/media\/Quinto-dia-Sao-Jose-pai-na-coragem-criativa.pdf\">Quinto dia: S\u00e3o Jos\u00e9 pai na coragem criativa<\/a><br \/>\n&#8211; <a href=\"https:\/\/www.padreleo.org\/media\/Sexto-dia-Sao-Jose-pai-protetor.pdf\">Sexto dia: S\u00e3o Jos\u00e9 pai protetor<\/a><br \/>\n&#8211; <a href=\"https:\/\/www.padreleo.org\/media\/Setimo-dia-Sao-Jose-pai-trabalhador.pdf\">Setimo dia: S\u00e3o Jos\u00e9 pai trabalhador<\/a><br \/>\n&#8211; <a href=\"https:\/\/www.padreleo.org\/media\/Oitavo-dia-Sao-Jose-pai-na-sombra.pdf\">Oitavo dia: S\u00e3o Jos\u00e9 pai na sombra<\/a><br \/>\n&#8211; <a href=\"https:\/\/www.padreleo.org\/media\/Nono-dia-Sao-Jose-pai-castissimo.pdf\">Nono dia: S\u00e3o Jos\u00e9 pai cast\u00edssimo<\/a><br \/>\n&#8211; <a href=\"https:\/\/www.padreleo.org\/media\/Oracao-a-Sao-Jose-que-dorme.pdf\">Ora\u00e7\u00e3o a S\u00e3o Jos\u00e9 que dorme<\/a><\/p>\n","protected":false},"excerpt":{"rendered":"<p>A novena a S\u00e3o Jos\u00e9 deve ser rezada de 10 a 19 de mar\u00e7o em prepara\u00e7\u00e3o da Solenidade de S\u00e3o Jos\u00e9, esposo da Virgem Maria; de 22 de abril a 1\u00ba de maio, festa de S\u00e3o Jos\u00e9 Oper\u00e1rio; ou em qualquer altura do ano em devo\u00e7\u00e3o a S\u00e3o Jos\u00e9; quando precisamos de uma gra\u00e7a especial [&hellip;]<\/p>\n","protected":false},"author":2,"featured_media":0,"comment_status":"closed","ping_status":"closed","sticky":false,"template":"","format":"standard","meta":{"_bbp_topic_count":0,"_bbp_reply_count":0,"_bbp_total_topic_count":0,"_bbp_total_reply_count":0,"_bbp_voice_count":0,"_bbp_anonymous_reply_count":0,"_bbp_topic_count_hidden":0,"_bbp_reply_count_hidden":0,"_bbp_forum_subforum_count":0,"footnotes":""},"categories":[111],"tags":[],"class_list":["post-4867","post","type-post","status-publish","format-standard","hentry","category-oracao-e-vida"],"_links":{"self":[{"href":"https:\/\/www.padreleo.org\/index.php?rest_route=\/wp\/v2\/posts\/4867","targetHints":{"allow":["GET"]}}],"collection":[{"href":"https:\/\/www.padreleo.org\/index.php?rest_route=\/wp\/v2\/posts"}],"about":[{"href":"https:\/\/www.padreleo.org\/index.php?rest_route=\/wp\/v2\/types\/post"}],"author":[{"embeddable":true,"href":"https:\/\/www.padreleo.org\/index.php?rest_route=\/wp\/v2\/users\/2"}],"replies":[{"embeddable":true,"href":"https:\/\/www.padreleo.org\/index.php?rest_route=%2Fwp%2Fv2%2Fcomments&post=4867"}],"version-history":[{"count":7,"href":"https:\/\/www.padreleo.org\/index.php?rest_route=\/wp\/v2\/posts\/4867\/revisions"}],"predecessor-version":[{"id":5097,"href":"https:\/\/www.padreleo.org\/index.php?rest_route=\/wp\/v2\/posts\/4867\/revisions\/5097"}],"wp:attachment":[{"href":"https:\/\/www.padreleo.org\/index.php?rest_route=%2Fwp%2Fv2%2Fmedia&parent=4867"}],"wp:term":[{"taxonomy":"category","embeddable":true,"href":"https:\/\/www.padreleo.org\/index.php?rest_route=%2Fwp%2Fv2%2Fcategories&post=4867"},{"taxonomy":"post_tag","embeddable":true,"href":"https:\/\/www.padreleo.org\/index.php?rest_route=%2Fwp%2Fv2%2Ftags&post=4867"}],"curies":[{"name":"wp","href":"https:\/\/api.w.org\/{rel}","templated":true}]}}