{"id":4430,"date":"2021-05-27T21:56:38","date_gmt":"2021-05-27T21:56:38","guid":{"rendered":"https:\/\/www.padreleo.org\/?p=4430"},"modified":"2022-06-23T10:21:27","modified_gmt":"2022-06-23T10:21:27","slug":"jesus-luz-e-caminho","status":"publish","type":"post","link":"https:\/\/www.padreleo.org\/?p=4430","title":{"rendered":"Jesus ilumina a solid\u00e3o do homem"},"content":{"rendered":"<p><img loading=\"lazy\" decoding=\"async\" src=\"https:\/\/www.padreleo.org\/media\/Jesus-ilumina-a-solidao-300x179.jpg\" alt=\"\" width=\"300\" height=\"179\" class=\"alignnone size-medium wp-image-4786\" srcset=\"https:\/\/www.padreleo.org\/media\/Jesus-ilumina-a-solidao-300x179.jpg 300w, https:\/\/www.padreleo.org\/media\/Jesus-ilumina-a-solidao-768x459.jpg 768w, https:\/\/www.padreleo.org\/media\/Jesus-ilumina-a-solidao.jpg 770w\" sizes=\"auto, (max-width: 300px) 100vw, 300px\" \/><\/p>\n<p>&#8211; <a href=\"https:\/\/www.padreleo.org\/media\/Cristo-Luz-e-Sentido-da-solidao-do-homem.pdf\">Cristo, Luz e Sentido da solid\u00e3o do homem &#8211; completo<\/a><\/p>\n<p>* A SOLID\u00c3O RADICAL, EXISTENCIAL OU ONTOL\u00d3GICA<br \/>\n&#8211; <a href=\"https:\/\/www.padreleo.org\/media\/A-solidao-radical-ou-existencial-do-homem.pdf\">A solid\u00e3o radical ou existencial do homem<br \/>\n&#8211; <\/a><a href=\"https:\/\/www.padreleo.org\/media\/Da-solidao-ontologica-a-comunhao-pessoas.pdf\">Da solid\u00e3o ontol\u00f3gica \u00e0 comunh\u00e3o pessoal<\/a><\/p>\n<p>* A SOLID\u00c3O SUPORTADA OU IMPOSTA<br \/>\n&#8211; <a href=\"https:\/\/www.padreleo.org\/media\/A-solidao-suportada-ou-imposta.pdf\">A solid\u00e3o suportada ou imposta<\/a><br \/>\n&#8211; <a href=\"https:\/\/www.padreleo.org\/media\/A-solidao-da-accao.pdf\">A solid\u00e3o da a\u00e7\u00e3o<\/a><br \/>\n&#8211; <a href=\"https:\/\/www.padreleo.org\/media\/Solidao-e-liberdade.pdf\">Solid\u00e3o e liberdade<\/a><\/p>\n<p>* JESUS ILUMINA A NOSSA SOLID\u00c3O<br \/>\n&#8211; <a href=\"https:\/\/www.padreleo.org\/media\/A-solidao-na-pessoa-de-Cristo.pdf\">A solid\u00e3o na pessoa de Cristo<\/a><br \/>\n&#8211; <a href=\"https:\/\/www.padreleo.org\/media\/A-solidao-do-Getsemani.pdf\">A solid\u00e3o do Gets\u00e9mani<\/a><\/p>\n<p>* SOLID\u00c3O HUMANA FONTE DE COMUNH\u00c3O<br \/>\n&#8211; <a href=\"https:\/\/www.padreleo.org\/media\/Da-recusa-a-aceitacao.pdf\">Da recusa \u00e0 aceita\u00e7\u00e3o<\/a><br \/>\n&#8211; <a href=\"https:\/\/www.padreleo.org\/media\/A-solidao-fonte-de-solidariedade-e-lugar-do-grande-encontro.pdf\">A solid\u00e3o, fonte de solidariedade e lugar do grande encontro<\/a><br \/>\n&#8211; <a href=\"https:\/\/www.padreleo.org\/media\/A-solidao-que-cria-comunidade.pdf\">A solid\u00e3o que cria comunidade<\/a><\/p>\n","protected":false},"excerpt":{"rendered":"<p>&#8211; Cristo, Luz e Sentido da solid\u00e3o do homem &#8211; completo * A SOLID\u00c3O RADICAL, EXISTENCIAL OU ONTOL\u00d3GICA &#8211; A solid\u00e3o radical ou existencial do homem &#8211; Da solid\u00e3o ontol\u00f3gica \u00e0 comunh\u00e3o pessoal * A SOLID\u00c3O SUPORTADA OU IMPOSTA &#8211; A solid\u00e3o suportada ou imposta &#8211; A solid\u00e3o da a\u00e7\u00e3o &#8211; Solid\u00e3o e liberdade * [&hellip;]<\/p>\n","protected":false},"author":2,"featured_media":0,"comment_status":"closed","ping_status":"closed","sticky":false,"template":"","format":"standard","meta":{"_bbp_topic_count":0,"_bbp_reply_count":0,"_bbp_total_topic_count":0,"_bbp_total_reply_count":0,"_bbp_voice_count":0,"_bbp_anonymous_reply_count":0,"_bbp_topic_count_hidden":0,"_bbp_reply_count_hidden":0,"_bbp_forum_subforum_count":0,"footnotes":""},"categories":[108],"tags":[],"class_list":["post-4430","post","type-post","status-publish","format-standard","hentry","category-vida-nova-em-cristo"],"_links":{"self":[{"href":"https:\/\/www.padreleo.org\/index.php?rest_route=\/wp\/v2\/posts\/4430","targetHints":{"allow":["GET"]}}],"collection":[{"href":"https:\/\/www.padreleo.org\/index.php?rest_route=\/wp\/v2\/posts"}],"about":[{"href":"https:\/\/www.padreleo.org\/index.php?rest_route=\/wp\/v2\/types\/post"}],"author":[{"embeddable":true,"href":"https:\/\/www.padreleo.org\/index.php?rest_route=\/wp\/v2\/users\/2"}],"replies":[{"embeddable":true,"href":"https:\/\/www.padreleo.org\/index.php?rest_route=%2Fwp%2Fv2%2Fcomments&post=4430"}],"version-history":[{"count":14,"href":"https:\/\/www.padreleo.org\/index.php?rest_route=\/wp\/v2\/posts\/4430\/revisions"}],"predecessor-version":[{"id":5319,"href":"https:\/\/www.padreleo.org\/index.php?rest_route=\/wp\/v2\/posts\/4430\/revisions\/5319"}],"wp:attachment":[{"href":"https:\/\/www.padreleo.org\/index.php?rest_route=%2Fwp%2Fv2%2Fmedia&parent=4430"}],"wp:term":[{"taxonomy":"category","embeddable":true,"href":"https:\/\/www.padreleo.org\/index.php?rest_route=%2Fwp%2Fv2%2Fcategories&post=4430"},{"taxonomy":"post_tag","embeddable":true,"href":"https:\/\/www.padreleo.org\/index.php?rest_route=%2Fwp%2Fv2%2Ftags&post=4430"}],"curies":[{"name":"wp","href":"https:\/\/api.w.org\/{rel}","templated":true}]}}