{"id":4416,"date":"2021-05-27T16:34:18","date_gmt":"2021-05-27T16:34:18","guid":{"rendered":"https:\/\/www.padreleo.org\/?p=4416"},"modified":"2021-09-17T08:37:55","modified_gmt":"2021-09-17T08:37:55","slug":"os-tres-movimentos-da-vida-espiritual","status":"publish","type":"post","link":"https:\/\/www.padreleo.org\/?p=4416","title":{"rendered":"Os tr\u00eas movimentos da vida espiritual"},"content":{"rendered":"<p><img loading=\"lazy\" decoding=\"async\" src=\"https:\/\/www.padreleo.org\/media\/O-Espitio-Santo-em-nos-300x83.jpg\" alt=\"\" width=\"300\" height=\"83\" class=\"alignnone size-medium wp-image-4426\" srcset=\"https:\/\/www.padreleo.org\/media\/O-Espitio-Santo-em-nos-300x83.jpg 300w, https:\/\/www.padreleo.org\/media\/O-Espitio-Santo-em-nos.jpg 395w\" sizes=\"auto, (max-width: 300px) 100vw, 300px\" \/><\/p>\n<p>&#8211; <a href=\"https:\/\/www.padreleo.org\/media\/O-recolhimento-do-coracao-inicio-da-vida-espiritual.pdf\">O recolhimento do cora\u00e7\u00e3o, inicio da vida espiritual<\/a><br \/>\n&#8211; <a href=\"https:\/\/www.padreleo.org\/media\/Indice-Os-tres-movimentos.pdf\">Os tr\u00eas movimentos da vida espiritual- \u00edndice<\/a><br \/>\n&#8211; <a href=\"https:\/\/www.padreleo.org\/media\/O-primeiro-movimento-da-vida-espiritual.pdf\">O primeiro movimento da vida espiritual<\/a><br \/>\n&#8211; <a href=\"https:\/\/www.padreleo.org\/media\/O-segundo-movimento-da-vida-espiritual.pdf\">O segundo movimento da vida espiritual<\/a><br \/>\n&#8211; <a href=\"https:\/\/www.padreleo.org\/media\/Tres-formas-de-hospitalidade.pdf\">Tr\u00eas formas de hospitalidade<\/a><br \/>\n&#8211; <a href=\"https:\/\/www.padreleo.org\/media\/O-terceiro-movimento-da-vida-espiritual.pdf\">O terceiro movimento da vida espiritual<\/a><\/p>\n<p>&#8211; <a href=\"https:\/\/www.padreleo.org\/media\/A-experiencia-dolorosa-da-solidao.pdf\">A experi\u00eancia dolorosa da solid\u00e3o<\/a><br \/>\n&#8211; <a href=\"https:\/\/www.padreleo.org\/media\/A-ilusao-de-solucao-definitiva.pdf\">A fuga da solid\u00e3o: a ilus\u00e3o de solu\u00e7\u00e3o definitiva<\/a><br \/>\n&#8211; <a href=\"https:\/\/www.padreleo.org\/media\/O-deserto-arido-trasforma-se-num-jardim-fecundo.pdf\">O deserto \u00e1rido transforma-se em jardim fecundo<\/a><br \/>\n&#8211; <a href=\"https:\/\/www.padreleo.org\/media\/O-recolhimento-do-coracao-inicio-da-vida-espiritual.pdf\">O recolhimento do cora\u00e7\u00e3o, inicio da vida espiritual<\/a><br \/>\n&#8211; <a href=\"https:\/\/www.padreleo.org\/media\/A-Comunidade-como-qualidade-interior.pdf\">A Comunidade como qualidade interior<\/a><br \/>\n&#8211; <a href=\"https:\/\/www.padreleo.org\/media\/Interrucoes-que-formam-a-personalidade.pdf\">Interru\u00e7\u00f5es que formam a personalidade<\/a><br \/>\n&#8211; <a href=\"https:\/\/www.padreleo.org\/media\/A-vida-reaccionaria-e-a-resposta-criativa.pdf\">A vida reacion\u00e1ria e a resposta criativa<\/a><br \/>\n&#8211; <a href=\"https:\/\/www.padreleo.org\/media\/A-resposta-do-coracao-compaixao-e-solidariedade.pdf\">A resposta do cora\u00e7\u00e3o, compaix\u00e3o e solidariedade<\/a><br \/>\n&#8211; <a href=\"https:\/\/www.padreleo.org\/media\/A-ilusao-da-imortalidade.pdf\">A ilus\u00e3o da imortalidade<\/a><br \/>\n&#8211; <a href=\"https:\/\/www.padreleo.org\/media\/A-oracao-do-coracao.pdf\">A ora\u00e7\u00e3o do cora\u00e7\u00e3o<\/a><br \/>\n&#8211; <a href=\"https:\/\/www.padreleo.org\/media\/A-via-do-peregrino-1.pdf\">A via do peregrino<\/a><br \/>\n&#8211; <a href=\"https:\/\/www.padreleo.org\/media\/A-oracao-nao-e-um-assunto-privado.pdf\">A ora\u00e7\u00e3o n\u00e3o \u00e9 um assunto privado<\/a><br \/>\n&#8211; <a href=\"https:\/\/www.padreleo.org\/media\/A-Igreja-como-comunidade-de-espera.pdf\">A Igreja como comunidade de espera<\/a><\/p>\n","protected":false},"excerpt":{"rendered":"<p>&#8211; O recolhimento do cora\u00e7\u00e3o, inicio da vida espiritual &#8211; Os tr\u00eas movimentos da vida espiritual- \u00edndice &#8211; O primeiro movimento da vida espiritual &#8211; O segundo movimento da vida espiritual &#8211; Tr\u00eas formas de hospitalidade &#8211; O terceiro movimento da vida espiritual &#8211; A experi\u00eancia dolorosa da solid\u00e3o &#8211; A fuga da solid\u00e3o: a [&hellip;]<\/p>\n","protected":false},"author":2,"featured_media":0,"comment_status":"closed","ping_status":"closed","sticky":false,"template":"","format":"standard","meta":{"_bbp_topic_count":0,"_bbp_reply_count":0,"_bbp_total_topic_count":0,"_bbp_total_reply_count":0,"_bbp_voice_count":0,"_bbp_anonymous_reply_count":0,"_bbp_topic_count_hidden":0,"_bbp_reply_count_hidden":0,"_bbp_forum_subforum_count":0,"footnotes":""},"categories":[108],"tags":[],"class_list":["post-4416","post","type-post","status-publish","format-standard","hentry","category-vida-nova-em-cristo"],"_links":{"self":[{"href":"https:\/\/www.padreleo.org\/index.php?rest_route=\/wp\/v2\/posts\/4416","targetHints":{"allow":["GET"]}}],"collection":[{"href":"https:\/\/www.padreleo.org\/index.php?rest_route=\/wp\/v2\/posts"}],"about":[{"href":"https:\/\/www.padreleo.org\/index.php?rest_route=\/wp\/v2\/types\/post"}],"author":[{"embeddable":true,"href":"https:\/\/www.padreleo.org\/index.php?rest_route=\/wp\/v2\/users\/2"}],"replies":[{"embeddable":true,"href":"https:\/\/www.padreleo.org\/index.php?rest_route=%2Fwp%2Fv2%2Fcomments&post=4416"}],"version-history":[{"count":28,"href":"https:\/\/www.padreleo.org\/index.php?rest_route=\/wp\/v2\/posts\/4416\/revisions"}],"predecessor-version":[{"id":4792,"href":"https:\/\/www.padreleo.org\/index.php?rest_route=\/wp\/v2\/posts\/4416\/revisions\/4792"}],"wp:attachment":[{"href":"https:\/\/www.padreleo.org\/index.php?rest_route=%2Fwp%2Fv2%2Fmedia&parent=4416"}],"wp:term":[{"taxonomy":"category","embeddable":true,"href":"https:\/\/www.padreleo.org\/index.php?rest_route=%2Fwp%2Fv2%2Fcategories&post=4416"},{"taxonomy":"post_tag","embeddable":true,"href":"https:\/\/www.padreleo.org\/index.php?rest_route=%2Fwp%2Fv2%2Ftags&post=4416"}],"curies":[{"name":"wp","href":"https:\/\/api.w.org\/{rel}","templated":true}]}}