{"id":4334,"date":"2021-04-28T08:18:24","date_gmt":"2021-04-28T08:18:24","guid":{"rendered":"https:\/\/www.padreleo.org\/?p=4334"},"modified":"2025-05-20T15:05:51","modified_gmt":"2025-05-20T15:05:51","slug":"novena-da-divina-misericordia","status":"publish","type":"post","link":"https:\/\/www.padreleo.org\/?p=4334","title":{"rendered":"Novena da Divina Miseric\u00f3rdia"},"content":{"rendered":"<p><img loading=\"lazy\" decoding=\"async\" src=\"https:\/\/www.padreleo.org\/media\/Jesus-Misericordia-Novena-300x137.jpg\" alt=\"\" width=\"300\" height=\"137\" class=\"alignnone size-medium wp-image-4339\" srcset=\"https:\/\/www.padreleo.org\/media\/Jesus-Misericordia-Novena-300x137.jpg 300w, https:\/\/www.padreleo.org\/media\/Jesus-Misericordia-Novena.jpg 653w\" sizes=\"auto, (max-width: 300px) 100vw, 300px\" \/><\/p>\n<p>Esta novena come\u00e7a na Sexta-feira Santa, em prepara\u00e7\u00e3o da Festa da Divina Miseric\u00f3rdia, o Domingo a seguir a P\u00e1scoa, mas pode ser rezada em qualquer altura. <\/p>\n<p>Santa Faustina foi instrumento por Jesus escolheu para espalhar a devo\u00e7\u00e3o ao Seu Cora\u00e7\u00e3o Misericordioso. Jesus disse-lhe: \u00abEm cada dia da novena, conduzir\u00e1s ao meu cora\u00e7\u00e3o um grupo diferente de almas e as mergulhar\u00e1s no oceano da minha Miseric\u00f3rdia. Eu conduzirei todas as almas \u00e0 casa do meu Pai. Nada negarei as almas que Tu conduzir\u00e1s \u00e0 fonte da minha Miseric\u00f3rdia. Cada dia pedir\u00e1s ao meu Pai, pela minha amarga Paix\u00e3o, gra\u00e7as para essas almas. A Novena \u00e9 rezada junto com o<br \/>\n&#8211; <a href=\"https:\/\/www.padreleo.org\/media\/Terco-da-Divina-Misericordia.pdf\">Ter\u00e7o da Divina Miseric\u00f3rdia<\/a><br \/>\n&#8211; <a href=\"https:\/\/www.padreleo.org\/media\/Novena-da-Divina-Misericordia.pdf\">Novena da Divina Miseric\u00f3rdia<\/a><\/p>\n","protected":false},"excerpt":{"rendered":"<p>Esta novena come\u00e7a na Sexta-feira Santa, em prepara\u00e7\u00e3o da Festa da Divina Miseric\u00f3rdia, o Domingo a seguir a P\u00e1scoa, mas pode ser rezada em qualquer altura. Santa Faustina foi instrumento por Jesus escolheu para espalhar a devo\u00e7\u00e3o ao Seu Cora\u00e7\u00e3o Misericordioso. Jesus disse-lhe: \u00abEm cada dia da novena, conduzir\u00e1s ao meu cora\u00e7\u00e3o um grupo diferente [&hellip;]<\/p>\n","protected":false},"author":2,"featured_media":0,"comment_status":"closed","ping_status":"closed","sticky":false,"template":"","format":"standard","meta":{"_bbp_topic_count":0,"_bbp_reply_count":0,"_bbp_total_topic_count":0,"_bbp_total_reply_count":0,"_bbp_voice_count":0,"_bbp_anonymous_reply_count":0,"_bbp_topic_count_hidden":0,"_bbp_reply_count_hidden":0,"_bbp_forum_subforum_count":0,"footnotes":""},"categories":[111],"tags":[],"class_list":["post-4334","post","type-post","status-publish","format-standard","hentry","category-oracao-e-vida"],"_links":{"self":[{"href":"https:\/\/www.padreleo.org\/index.php?rest_route=\/wp\/v2\/posts\/4334","targetHints":{"allow":["GET"]}}],"collection":[{"href":"https:\/\/www.padreleo.org\/index.php?rest_route=\/wp\/v2\/posts"}],"about":[{"href":"https:\/\/www.padreleo.org\/index.php?rest_route=\/wp\/v2\/types\/post"}],"author":[{"embeddable":true,"href":"https:\/\/www.padreleo.org\/index.php?rest_route=\/wp\/v2\/users\/2"}],"replies":[{"embeddable":true,"href":"https:\/\/www.padreleo.org\/index.php?rest_route=%2Fwp%2Fv2%2Fcomments&post=4334"}],"version-history":[{"count":13,"href":"https:\/\/www.padreleo.org\/index.php?rest_route=\/wp\/v2\/posts\/4334\/revisions"}],"predecessor-version":[{"id":6404,"href":"https:\/\/www.padreleo.org\/index.php?rest_route=\/wp\/v2\/posts\/4334\/revisions\/6404"}],"wp:attachment":[{"href":"https:\/\/www.padreleo.org\/index.php?rest_route=%2Fwp%2Fv2%2Fmedia&parent=4334"}],"wp:term":[{"taxonomy":"category","embeddable":true,"href":"https:\/\/www.padreleo.org\/index.php?rest_route=%2Fwp%2Fv2%2Fcategories&post=4334"},{"taxonomy":"post_tag","embeddable":true,"href":"https:\/\/www.padreleo.org\/index.php?rest_route=%2Fwp%2Fv2%2Ftags&post=4334"}],"curies":[{"name":"wp","href":"https:\/\/api.w.org\/{rel}","templated":true}]}}