{"id":4158,"date":"2021-04-19T18:43:03","date_gmt":"2021-04-19T18:43:03","guid":{"rendered":"http:\/\/www.padreleo.org\/?p=4158"},"modified":"2024-09-23T10:54:26","modified_gmt":"2024-09-23T10:54:26","slug":"oracoes-do-cristao","status":"publish","type":"post","link":"https:\/\/www.padreleo.org\/?p=4158","title":{"rendered":"ORA\u00c7\u00d5ES DO CRIST\u00c3O"},"content":{"rendered":"<p><img loading=\"lazy\" decoding=\"async\" src=\"https:\/\/www.padreleo.org\/media\/Oracoes-do-cristao.jpg\" alt=\"\" width=\"286\" height=\"103\" class=\"alignnone size-full wp-image-4189\" \/><\/p>\n<p>&#8211; <a href=\"https:\/\/www.padreleo.org\/media\/As-oracoes-do-cristao-1.pdf\">As ora\u00e7\u00f5es mais conhecidas do crist\u00e3o<\/a><br \/>\n&#8211; <a href=\"https:\/\/www.padreleo.org\/media\/novena-de-pentecostes.pdf\">Novena de Pentecostes<\/a><br \/>\n&#8211; <a href=\"https:\/\/www.padreleo.org\/media\/Oracoes-da-Santa-Missa.pdf\">Ora\u00e7\u00f5es da Santa Missa<\/a><br \/>\n&#8211; <a href=\"https:\/\/www.padreleo.org\/media\/Oracoes-ao-Santissimo-Sacramento.pdf\">Ora\u00e7\u00f5es ao Sant\u00edssimo Sacramento<\/a><br \/>\n&#8211; <a href=\"https:\/\/www.padreleo.org\/media\/Oracoes-marianas.pdf\">Ora\u00e7\u00f5es marianas<\/a><\/p>\n<p><strong>ORA\u00c7\u00c3O DE CURA INTERIOR<\/strong><br \/>\n&#8211; <a href=\"https:\/\/www.padreleo.org\/media\/Oracao-para-pedir-a-cura.pdf\">Ora\u00e7\u00e3o para pedir a cura<\/a><br \/>\n&#8211; <a href=\"https:\/\/www.padreleo.org\/media\/ORACAO-DE-CURA-INTERIOR.pdf\">Ora\u00e7\u00e3o de cura interior<\/a><br \/>\n&#8211; <a href=\"https:\/\/www.padreleo.org\/media\/Oracao-do-amor.pdf\">Ora\u00e7\u00e3o do amor<\/a><br \/>\n&#8211; <a href=\"https:\/\/www.padreleo.org\/media\/Ajuda-me-a-perdoar.pdf\">Senhor, ajuda-me a perdoar<\/a><br \/>\n&#8211; <a href=\"https:\/\/www.padreleo.org\/media\/Cura-o-meu-coracao-ferido.pdf\">Senhor, cura o meu cora\u00e7\u00e3o ferido<\/a><\/p>\n<p><strong>ORA\u00c7\u00c3O DE LIBERTA\u00c7\u00c3O<\/strong><br \/>\n&#8211; <a href=\"https:\/\/www.padreleo.org\/media\/Oracoes-de-libertacao.pdf\">Recolha de ora\u00e7\u00f5es de liberta\u00e7\u00e3o<\/a><br \/>\n&#8211; <a href=\"https:\/\/www.padreleo.org\/media\/Oracao-de-renuncia.pdf\">Ora\u00e7\u00e3o de ren\u00fancia<\/a><br \/>\n&#8211; <a href=\"https:\/\/www.padreleo.org\/media\/Oracao-de-Libertacao.pdf\">Ora\u00e7\u00e3o de Liberta\u00e7\u00e3o ao Pai Celeste<\/a><\/p>\n<p>&#8211; <a href=\"https:\/\/www.padreleo.org\/media\/Oracao-de-Daniel-Dn-95-19.pdf\">Ora\u00e7\u00e3o de Daniel (Dn 9,5-19)<\/a><br \/>\n&#8211; <a href=\"https:\/\/www.padreleo.org\/media\/Oracao-pelos-doentes-Sao-Pio.pdf\">Ora\u00e7\u00e3o pelos doentes-S\u00e3o Pio de Pietrelcina<\/a><br \/>\n&#8211; <a href=\"https:\/\/www.padreleo.org\/media\/Alma-de-Cristo.pdf\">Alma de Cristo<\/a><br \/>\n&#8211; <a href=\"https:\/\/www.padreleo.org\/media\/Oracao-da-paixao.pdf\">Ora\u00e7\u00e3o da paix\u00e3o<\/a><\/p>\n","protected":false},"excerpt":{"rendered":"<p>&#8211; As ora\u00e7\u00f5es mais conhecidas do crist\u00e3o &#8211; Novena de Pentecostes &#8211; Ora\u00e7\u00f5es da Santa Missa &#8211; Ora\u00e7\u00f5es ao Sant\u00edssimo Sacramento &#8211; Ora\u00e7\u00f5es marianas ORA\u00c7\u00c3O DE CURA INTERIOR &#8211; Ora\u00e7\u00e3o para pedir a cura &#8211; Ora\u00e7\u00e3o de cura interior &#8211; Ora\u00e7\u00e3o do amor &#8211; Senhor, ajuda-me a perdoar &#8211; Senhor, cura o meu cora\u00e7\u00e3o ferido [&hellip;]<\/p>\n","protected":false},"author":2,"featured_media":0,"comment_status":"closed","ping_status":"closed","sticky":false,"template":"","format":"standard","meta":{"_bbp_topic_count":0,"_bbp_reply_count":0,"_bbp_total_topic_count":0,"_bbp_total_reply_count":0,"_bbp_voice_count":0,"_bbp_anonymous_reply_count":0,"_bbp_topic_count_hidden":0,"_bbp_reply_count_hidden":0,"_bbp_forum_subforum_count":0,"footnotes":""},"categories":[111],"tags":[],"class_list":["post-4158","post","type-post","status-publish","format-standard","hentry","category-oracao-e-vida"],"_links":{"self":[{"href":"https:\/\/www.padreleo.org\/index.php?rest_route=\/wp\/v2\/posts\/4158","targetHints":{"allow":["GET"]}}],"collection":[{"href":"https:\/\/www.padreleo.org\/index.php?rest_route=\/wp\/v2\/posts"}],"about":[{"href":"https:\/\/www.padreleo.org\/index.php?rest_route=\/wp\/v2\/types\/post"}],"author":[{"embeddable":true,"href":"https:\/\/www.padreleo.org\/index.php?rest_route=\/wp\/v2\/users\/2"}],"replies":[{"embeddable":true,"href":"https:\/\/www.padreleo.org\/index.php?rest_route=%2Fwp%2Fv2%2Fcomments&post=4158"}],"version-history":[{"count":21,"href":"https:\/\/www.padreleo.org\/index.php?rest_route=\/wp\/v2\/posts\/4158\/revisions"}],"predecessor-version":[{"id":6290,"href":"https:\/\/www.padreleo.org\/index.php?rest_route=\/wp\/v2\/posts\/4158\/revisions\/6290"}],"wp:attachment":[{"href":"https:\/\/www.padreleo.org\/index.php?rest_route=%2Fwp%2Fv2%2Fmedia&parent=4158"}],"wp:term":[{"taxonomy":"category","embeddable":true,"href":"https:\/\/www.padreleo.org\/index.php?rest_route=%2Fwp%2Fv2%2Fcategories&post=4158"},{"taxonomy":"post_tag","embeddable":true,"href":"https:\/\/www.padreleo.org\/index.php?rest_route=%2Fwp%2Fv2%2Ftags&post=4158"}],"curies":[{"name":"wp","href":"https:\/\/api.w.org\/{rel}","templated":true}]}}