{"id":4142,"date":"2021-04-12T18:02:07","date_gmt":"2021-04-12T18:02:07","guid":{"rendered":"http:\/\/www.padreleo.org\/?p=4142"},"modified":"2023-01-29T17:22:58","modified_gmt":"2023-01-29T17:22:58","slug":"formas-de-oracao","status":"publish","type":"post","link":"https:\/\/www.padreleo.org\/?p=4142","title":{"rendered":"FORMAS DE ORA\u00c7\u00c3O"},"content":{"rendered":"<p><img loading=\"lazy\" decoding=\"async\" src=\"https:\/\/www.padreleo.org\/media\/A-oracao-de-Jeus.jpg\" alt=\"\" width=\"279\" height=\"88\" class=\"alignnone size-full wp-image-4191\" \/><\/p>\n<p><strong>&#8211; A ORA\u00c7\u00c3O VOCAL<\/strong><br \/>\n&#8211; <a href=\"https:\/\/www.padreleo.org\/media\/A-ORACAO-E-CAMINHO.pdf\">O caminho da ora\u00e7\u00e3o<\/a><br \/>\n&#8211; <a href=\"https:\/\/www.padreleo.org\/media\/O-VALOR-DA-ORACAO-VOCAL.pdf\">A ora\u00e7\u00e3o vocal: o seu grande valor<\/a><br \/>\n&#8211; <a href=\"https:\/\/www.padreleo.org\/media\/A-ORACAO-VOCAL-AS-DISTRACOES.pdf\">O grande obst\u00e1culo da ora\u00e7\u00e3o vocal: as distra\u00e7\u00f5es<\/a><br \/>\n&#8211; <a href=\"https:\/\/www.padreleo.org\/media\/TRES-REMEDIOS-CONTRA-AS-DISTRACOES.pdf\">Como vencer as distra\u00e7\u00f5es: os rem\u00e9dios<\/a><\/p>\n<p><strong>&#8211; A\u00c7\u00c3O DE GRA\u00c7A<\/strong><br \/>\n&#8211; <a href=\"https:\/\/www.padreleo.org\/media\/Agradecer-a-oracao-do-amor.pdf\">Agradecer, a ora\u00e7\u00e3o do amor &#8211; Padre Leo<\/a><br \/>\n&#8211; <a href=\"https:\/\/www.padreleo.org\/media\/Jesus-ensina-agradecer.pdf\">Jesus ensinou a agradecer<\/a><br \/>\n&#8211; <a href=\"https:\/\/www.padreleo.org\/media\/AGRADECER-UMA-VIRTUDE-RARA.pdf\">Uma virtude rara<\/a><br \/>\n&#8211; <a href=\"https:\/\/www.padreleo.org\/media\/OS-HUMILDES-SABEM-AGRADECER.pdf\">Agradecer: a ora\u00e7\u00e3o dos humildes<\/a><br \/>\n&#8211; <a href=\"https:\/\/www.padreleo.org\/media\/TUDO-E-DOM-DE-DEUS.pdf\">Reconhecer que tudo \u00e9 dom de Deus<\/a><br \/>\n&#8211; <a href=\"https:\/\/www.padreleo.org\/media\/SAO-GRANDES-OS-DONS-DE-DEUS.pdf\">Apreciar a beleza dos dons de Deus<\/a><br \/>\n&#8211; <a href=\"https:\/\/www.padreleo.org\/media\/AGRADECER-E-VIDA.pdf\">Agradecer \u00e9 vida<\/a><br \/>\n&#8211; <a href=\"https:\/\/www.padreleo.org\/media\/COMO-RETRIBUIREI-AO-SENHOR.pdf\">Como retribuirei ao Senhor?<\/a><br \/>\n&#8211; <a href=\"https:\/\/www.padreleo.org\/media\/EUCARISTIA-ACAO-DE-GRACAS-E-DE-LOUVOR.pdf\">A Santa Missa, A\u00e7\u00e3o de gra\u00e7a e de louvor<\/a><br \/>\n&#8211; <a href=\"https:\/\/www.padreleo.org\/media\/AGRADECER-PELAS-FRAQUEZAS.pdf\">Agradecer por tuto, tamb\u00e9m pelas fraquezas<\/a><br \/>\n&#8211; <a href=\"https:\/\/www.padreleo.org\/media\/AGRADECER-COM-AS-NOSSAS-OBRAS.pdf\">Agradecer com as nossas obras<\/a><br \/>\n&#8211; <a href=\"https:\/\/www.padreleo.org\/media\/QUEM-NAO-AGRADECE-RESMUNGA.pdf\">Quem n\u00e3o agradece resmunga<\/a><\/p>\n<p><strong>A MEDITA\u00c7\u00c3O<\/strong><br \/>\n&#8211; <a href=\"https:\/\/www.padreleo.org\/media\/O-que-e-a-meditacao-1.pdf\">O que \u00e9 a medita\u00e7\u00e3o<\/a><br \/>\n&#8211; <a href=\"https:\/\/www.padreleo.org\/media\/A-oracao-de-escuta-a-meditacao.pdf\">A ora\u00e7\u00e3o de escuta, a medita\u00e7\u00e3o<\/a><br \/>\n&#8211; <a href=\"https:\/\/www.padreleo.org\/media\/A-oracao-do-coracao.pdf\">A ora\u00e7\u00e3o do cora\u00e7\u00e3o<\/a><\/p>\n<p><strong>A ORA\u00c7\u00c3O DOS SALMOS<\/strong><br \/>\n&#8211; <a href=\"https:\/\/www.padreleo.org\/media\/A-oracao-dos-Salmos.pdf\">A ora\u00e7\u00e3o dos Salmos<\/a><br \/>\n&#8211; <a href=\"https:\/\/www.padreleo.org\/media\/Os-cinco-livros-dos-Salmos.pdf\">Os cinco livros dos Salmos<\/a><br \/>\n&#8211; <a href=\"https:\/\/www.padreleo.org\/media\/O-valor-actual-dos-Salmos.pdf\">O valor atual dos Salmos<\/a><br \/>\n&#8211; <a href=\"https:\/\/www.padreleo.org\/?cat=7\">Apresenta\u00e7\u00f5es em PowerPoint de alguns salmos<\/a><\/p>\n","protected":false},"excerpt":{"rendered":"<p>&#8211; A ORA\u00c7\u00c3O VOCAL &#8211; O caminho da ora\u00e7\u00e3o &#8211; A ora\u00e7\u00e3o vocal: o seu grande valor &#8211; O grande obst\u00e1culo da ora\u00e7\u00e3o vocal: as distra\u00e7\u00f5es &#8211; Como vencer as distra\u00e7\u00f5es: os rem\u00e9dios &#8211; A\u00c7\u00c3O DE GRA\u00c7A &#8211; Agradecer, a ora\u00e7\u00e3o do amor &#8211; Padre Leo &#8211; Jesus ensinou a agradecer &#8211; Uma virtude rara [&hellip;]<\/p>\n","protected":false},"author":2,"featured_media":0,"comment_status":"closed","ping_status":"closed","sticky":false,"template":"","format":"standard","meta":{"_bbp_topic_count":0,"_bbp_reply_count":0,"_bbp_total_topic_count":0,"_bbp_total_reply_count":0,"_bbp_voice_count":0,"_bbp_anonymous_reply_count":0,"_bbp_topic_count_hidden":0,"_bbp_reply_count_hidden":0,"_bbp_forum_subforum_count":0,"footnotes":""},"categories":[111],"tags":[],"class_list":["post-4142","post","type-post","status-publish","format-standard","hentry","category-oracao-e-vida"],"_links":{"self":[{"href":"https:\/\/www.padreleo.org\/index.php?rest_route=\/wp\/v2\/posts\/4142","targetHints":{"allow":["GET"]}}],"collection":[{"href":"https:\/\/www.padreleo.org\/index.php?rest_route=\/wp\/v2\/posts"}],"about":[{"href":"https:\/\/www.padreleo.org\/index.php?rest_route=\/wp\/v2\/types\/post"}],"author":[{"embeddable":true,"href":"https:\/\/www.padreleo.org\/index.php?rest_route=\/wp\/v2\/users\/2"}],"replies":[{"embeddable":true,"href":"https:\/\/www.padreleo.org\/index.php?rest_route=%2Fwp%2Fv2%2Fcomments&post=4142"}],"version-history":[{"count":27,"href":"https:\/\/www.padreleo.org\/index.php?rest_route=\/wp\/v2\/posts\/4142\/revisions"}],"predecessor-version":[{"id":5929,"href":"https:\/\/www.padreleo.org\/index.php?rest_route=\/wp\/v2\/posts\/4142\/revisions\/5929"}],"wp:attachment":[{"href":"https:\/\/www.padreleo.org\/index.php?rest_route=%2Fwp%2Fv2%2Fmedia&parent=4142"}],"wp:term":[{"taxonomy":"category","embeddable":true,"href":"https:\/\/www.padreleo.org\/index.php?rest_route=%2Fwp%2Fv2%2Fcategories&post=4142"},{"taxonomy":"post_tag","embeddable":true,"href":"https:\/\/www.padreleo.org\/index.php?rest_route=%2Fwp%2Fv2%2Ftags&post=4142"}],"curies":[{"name":"wp","href":"https:\/\/api.w.org\/{rel}","templated":true}]}}