{"id":4138,"date":"2021-04-12T17:57:35","date_gmt":"2021-04-12T17:57:35","guid":{"rendered":"http:\/\/www.padreleo.org\/?p=4138"},"modified":"2023-01-29T17:28:07","modified_gmt":"2023-01-29T17:28:07","slug":"o-que-e-a-oracao","status":"publish","type":"post","link":"https:\/\/www.padreleo.org\/?p=4138","title":{"rendered":"O QUE \u00c9 A ORA\u00c7\u00c3O"},"content":{"rendered":"<p><img loading=\"lazy\" decoding=\"async\" src=\"https:\/\/www.padreleo.org\/media\/O-que-e-a-oracao-300x89.jpg\" alt=\"\" width=\"300\" height=\"89\" class=\"alignnone size-medium wp-image-4193\" srcset=\"https:\/\/www.padreleo.org\/media\/O-que-e-a-oracao-300x89.jpg 300w, https:\/\/www.padreleo.org\/media\/O-que-e-a-oracao.jpg 681w\" sizes=\"auto, (max-width: 300px) 100vw, 300px\" \/><\/p>\n<p>&#8211; <a href=\"https:\/\/www.padreleo.org\/media\/O-que-e-a-oracao.pdf\">O que \u00e9 a ora\u00e7\u00e3o<\/a><br \/>\n&#8211; <a href=\"https:\/\/www.padreleo.org\/media\/A-ORACAO-E-VIDA.pdf\">A ora\u00e7\u00e3o \u00e9 vida<\/a><br \/>\n&#8211; <a href=\"https:\/\/www.padreleo.org\/media\/A-ORACAO-DO-CORACAO.pdf\">A ora\u00e7\u00e3o do cora\u00e7\u00e3o: a ora\u00e7\u00e3o \u00e9 amor<\/a><br \/>\n&#8211; <a href=\"https:\/\/www.padreleo.org\/media\/FAREMOS-NELE-A-NOSSA-MORADA.docx\">\u00c9 Deus que habita em n\u00f3s (Jo 14, 23-29)<\/a><br \/>\n&#8211; <a href=\"https:\/\/www.padreleo.org\/media\/O-combate-da-oracao.pdf\">O combate da ora\u00e7\u00e3o<\/a><br \/>\n&#8211; <a href=\"https:\/\/www.padreleo.org\/media\/A-confianca-filial.pdf\">A confian\u00e7a filial<\/a><br \/>\n&#8211; <a href=\"https:\/\/www.padreleo.org\/media\/Descansar-em-Deus.pdf\">Descansar em Deus<\/a><br \/>\n&#8211; <a href=\"https:\/\/www.padreleo.org\/media\/FIDELIDADE-E-ENCONTRO.pdf\">A ora\u00e7\u00e3o \u00e9 fidelidade e encontro<\/a><\/p>\n<p>&#8211; <a href=\"https:\/\/www.padreleo.org\/media\/O-paradoxo-da-oracao.pdf\">O paradoxo da ora\u00e7\u00e3o<\/a><br \/>\n&#8211; <a href=\"https:\/\/www.padreleo.org\/media\/Os-santos-nos-ajudam-a-orar.pdf\">Os santos nos ajudam a orar<\/a><br \/>\n&#8211; <a href=\"https:\/\/www.padreleo.org\/media\/Oracao-ausencia-e-presenca-de-Deus.pdf\">Ora\u00e7\u00e3o, aus\u00eancia e presen\u00e7a de Deus<\/a><br \/>\n&#8211; <a href=\"https:\/\/www.padreleo.org\/media\/A-oracao-como-espera-confiante.pdf\">A ora\u00e7\u00e3o como espera confiante<\/a><br \/>\n&#8211; <a href=\"https:\/\/www.padreleo.org\/media\/A-oracao-e-a-linguagem-da-Igreja.pdf\">A ora\u00e7\u00e3o \u00e9 a linguagem da Igreja<\/a><br \/>\n&#8211; <a href=\"https:\/\/www.padreleo.org\/media\/A-oracao-de-escuta-a-meditacao.pdf\">A ora\u00e7\u00e3o do cora\u00e7\u00e3o: Palavra, sil\u00eancio e um guia<\/a><\/p>\n<p>&#8211; <a href=\"https:\/\/www.padreleo.org\/media\/Os-santos-nos-ajudam.pdf\">Os santos nos ajudam a encontrar o nosso caminho<\/a><br \/>\n&#8211; <a href=\"https:\/\/www.padreleo.org\/media\/A-via-do-peregrino.pdf\">A via do peregrino: um caminho para o homem contempor\u00e2neo<\/a><br \/>\n&#8211; <a href=\"https:\/\/www.padreleo.org\/media\/PRECISAMOS-DE-AJUDA.pdf\">Precisamos de ajuda<\/a><br \/>\n&#8211; <a href=\"https:\/\/www.padreleo.org\/media\/Comunidade-e-oracao.pdf\">Comunidade e ora\u00e7\u00e3o<\/a><br \/>\n&#8211; <a href=\"https:\/\/www.padreleo.org\/media\/OBJECOES-A-ORACAO.pdf\">Algumas obje\u00e7\u00f5es<\/a><\/p>\n<p>&#8211; <a href=\"https:\/\/www.padreleo.org\/media\/Nao-ganho-perco-1.pdf\">N\u00e3o ganho, perco<\/a><\/p>\n","protected":false},"excerpt":{"rendered":"<p>&#8211; O que \u00e9 a ora\u00e7\u00e3o &#8211; A ora\u00e7\u00e3o \u00e9 vida &#8211; A ora\u00e7\u00e3o do cora\u00e7\u00e3o: a ora\u00e7\u00e3o \u00e9 amor &#8211; \u00c9 Deus que habita em n\u00f3s (Jo 14, 23-29) &#8211; O combate da ora\u00e7\u00e3o &#8211; A confian\u00e7a filial &#8211; Descansar em Deus &#8211; A ora\u00e7\u00e3o \u00e9 fidelidade e encontro &#8211; O paradoxo da ora\u00e7\u00e3o [&hellip;]<\/p>\n","protected":false},"author":2,"featured_media":0,"comment_status":"closed","ping_status":"closed","sticky":false,"template":"","format":"standard","meta":{"_bbp_topic_count":0,"_bbp_reply_count":0,"_bbp_total_topic_count":0,"_bbp_total_reply_count":0,"_bbp_voice_count":0,"_bbp_anonymous_reply_count":0,"_bbp_topic_count_hidden":0,"_bbp_reply_count_hidden":0,"_bbp_forum_subforum_count":0,"footnotes":""},"categories":[111],"tags":[],"class_list":["post-4138","post","type-post","status-publish","format-standard","hentry","category-oracao-e-vida"],"_links":{"self":[{"href":"https:\/\/www.padreleo.org\/index.php?rest_route=\/wp\/v2\/posts\/4138","targetHints":{"allow":["GET"]}}],"collection":[{"href":"https:\/\/www.padreleo.org\/index.php?rest_route=\/wp\/v2\/posts"}],"about":[{"href":"https:\/\/www.padreleo.org\/index.php?rest_route=\/wp\/v2\/types\/post"}],"author":[{"embeddable":true,"href":"https:\/\/www.padreleo.org\/index.php?rest_route=\/wp\/v2\/users\/2"}],"replies":[{"embeddable":true,"href":"https:\/\/www.padreleo.org\/index.php?rest_route=%2Fwp%2Fv2%2Fcomments&post=4138"}],"version-history":[{"count":23,"href":"https:\/\/www.padreleo.org\/index.php?rest_route=\/wp\/v2\/posts\/4138\/revisions"}],"predecessor-version":[{"id":5931,"href":"https:\/\/www.padreleo.org\/index.php?rest_route=\/wp\/v2\/posts\/4138\/revisions\/5931"}],"wp:attachment":[{"href":"https:\/\/www.padreleo.org\/index.php?rest_route=%2Fwp%2Fv2%2Fmedia&parent=4138"}],"wp:term":[{"taxonomy":"category","embeddable":true,"href":"https:\/\/www.padreleo.org\/index.php?rest_route=%2Fwp%2Fv2%2Fcategories&post=4138"},{"taxonomy":"post_tag","embeddable":true,"href":"https:\/\/www.padreleo.org\/index.php?rest_route=%2Fwp%2Fv2%2Ftags&post=4138"}],"curies":[{"name":"wp","href":"https:\/\/api.w.org\/{rel}","templated":true}]}}