{"id":4030,"date":"2022-04-29T10:04:33","date_gmt":"2022-04-29T10:04:33","guid":{"rendered":"http:\/\/www.padreleo.org\/?p=4030"},"modified":"2026-04-24T10:08:33","modified_gmt":"2026-04-24T10:08:33","slug":"oracao-da-misericordia-padre-leo","status":"publish","type":"post","link":"https:\/\/www.padreleo.org\/?p=4030","title":{"rendered":"ENCONTROS DE ORA\u00c7\u00c3O 2026"},"content":{"rendered":"<p><img loading=\"lazy\" decoding=\"async\" src=\"https:\/\/www.padreleo.org\/media\/Oracao-da-Misericordia-300x154.jpg\" alt=\"\" width=\"300\" height=\"154\" class=\"alignnone size-medium wp-image-6425\" srcset=\"https:\/\/www.padreleo.org\/media\/Oracao-da-Misericordia-300x154.jpg 300w, https:\/\/www.padreleo.org\/media\/Oracao-da-Misericordia.jpg 427w\" sizes=\"auto, (max-width: 300px) 100vw, 300px\" \/><\/p>\n<p>* <strong>ORA\u00c7\u00c3O na Igreja Matriz de Amora<\/strong> (Nossa Senhora do Monte Si\u00e3o), Largo da Igreja, 2845-421 Amora<br \/>\n      &#8211; <strong>Todas as quartas-feiras<\/strong>: 14h atendimento; 15h Ter\u00e7o da Divina Miseric\u00f3rdia; 17h Atendimento<br \/>\n&#8211; GPS: 38.628180, 9.118720 (H\u00e1 lugar para estacionar)<\/p>\n<p>* <strong>Na Igreja S\u00e3o Jo\u00e3o Batista SCALABRINI<\/strong><br \/>\n&#8211; Rua do Minho, 14 (Cruz de Pau) Amora<br \/>\n      &#8211; <strong>Todas \u00e0s Sextas-feiras<\/strong>: 14h Atendimento; 15h Ora\u00e7\u00e3o; 17h Atendimento<br \/>\n&#8211; GPS: 38.619679, 9.121405;<\/p>\n<p>&#8211; <strong>Quinta e S\u00e1bado: atendimento por marca\u00e7\u00e3o<\/strong> (Tlm. 967 317 256). No Semin\u00e1rio Scalabrini, rua Vale de Santo Ant\u00f3nio 10, Foros de Amora<br \/>\n<strong><\/p>\n<p>Convite:<\/strong><br \/>\n<img loading=\"lazy\" decoding=\"async\" src=\"https:\/\/www.padreleo.org\/media\/Festa-da-Misericordia-2026-300x174.jpg\" alt=\"\" width=\"300\" height=\"174\" class=\"alignnone size-medium wp-image-6601\" srcset=\"https:\/\/www.padreleo.org\/media\/Festa-da-Misericordia-2026-300x174.jpg 300w, https:\/\/www.padreleo.org\/media\/Festa-da-Misericordia-2026.jpg 442w\" sizes=\"auto, (max-width: 300px) 100vw, 300px\" \/><br \/>\n\u2013 Rua do Minho, 14 (Cruz de Pau) Amora<\/p>\n<p>* <strong>ORA\u00c7\u00c3O NA IGREJA DE S\u00c3O PAULO<\/strong><strong><br \/>\nPra\u00e7a S\u00e3o Paulo, 1200-425, Lisboa (Perto de Cais de Sodr\u00e9)<br \/>\n<\/strong><strong>na 3\u00aa ter\u00e7a-feira de cada m\u00eas<\/strong><strong>\u00e0s 21h<\/strong><br \/>\n&#8211; 20 de janeiro<br \/>\n&#8211; 17 de fevereiro<br \/>\n&#8211; 17 de mar\u00e7o<br \/>\n&#8211; 21 de abril<br \/>\n&#8211; 19 de maio<br \/>\n&#8211; 21 de junho<\/p>\n<p><img loading=\"lazy\" decoding=\"async\" src=\"https:\/\/www.padreleo.org\/media\/Igreja-Sao-Paulo-21-300x96.jpg\" alt=\"\" width=\"300\" height=\"96\" class=\"alignnone size-medium wp-image-6611\" srcset=\"https:\/\/www.padreleo.org\/media\/Igreja-Sao-Paulo-21-300x96.jpg 300w, https:\/\/www.padreleo.org\/media\/Igreja-Sao-Paulo-21.jpg 612w\" sizes=\"auto, (max-width: 300px) 100vw, 300px\" \/><\/p>\n<p>* <strong>ORA\u00c7\u00c3O EM PENHA DE FRAN\u00c7A<\/strong><br \/>\n(terceira quinta-feira do m\u00eas)<br \/>\nNa Capela de S\u00e3o Jo\u00e3o Batista, Penha de Fran\u00e7a, Lisboa<br \/>\nRua Coronel Galhardo, 3A<\/p>\n<p><img loading=\"lazy\" decoding=\"async\" src=\"https:\/\/www.padreleo.org\/media\/Penha-de-fr-marco-1-300x96.jpg\" alt=\"\" width=\"300\" height=\"96\" class=\"alignnone size-medium wp-image-6608\" srcset=\"https:\/\/www.padreleo.org\/media\/Penha-de-fr-marco-1-300x96.jpg 300w, https:\/\/www.padreleo.org\/media\/Penha-de-fr-marco-1.jpg 611w\" sizes=\"auto, (max-width: 300px) 100vw, 300px\" \/><\/p>\n<p>* <strong>ORA\u00c7\u00c3O NA IGREJA DAS FLAMENGAS<\/strong><br \/>\n           (Segundo Domingo de cada m\u00eas)<br \/>\n&#8211; 11 de janeiro<br \/>\n&#8211; 8 de fevereiro<br \/>\n&#8211; 8 de mar\u00e7o<br \/>\n&#8211; 10 de maio<br \/>\n&#8211; 14 de Junho <\/p>\n<p>* <strong>ORA\u00c7\u00c3O NA IGREJA DA SENHORA DA PAZ<\/strong><br \/>\nRua Santo Ant\u00f3nio de Bolonha 51, Povoa de Santa Iria<br \/>\n&#8211; S\u00e1bado, dia 31 de Janeiro <\/p>\n<p><strong>CONTACTAR O PADRE LEO<\/strong><br \/>\n<img loading=\"lazy\" decoding=\"async\" src=\"https:\/\/www.padreleo.org\/media\/Contactos-300x82.jpg\" alt=\"\" width=\"300\" height=\"82\" class=\"alignnone size-medium wp-image-4350\" srcset=\"https:\/\/www.padreleo.org\/media\/Contactos-300x82.jpg 300w, https:\/\/www.padreleo.org\/media\/Contactos.jpg 702w\" sizes=\"auto, (max-width: 300px) 100vw, 300px\" \/><br \/>\nTelem\u00f3vel ou WhatsApp (967 317 256)<br \/>\ne-mails &#8211; padreleo@sapo.pt &#8211; pleo.orlando@gmail.com<\/p>\n","protected":false},"excerpt":{"rendered":"<p>* ORA\u00c7\u00c3O na Igreja Matriz de Amora (Nossa Senhora do Monte Si\u00e3o), Largo da Igreja, 2845-421 Amora &#8211; Todas as quartas-feiras: 14h atendimento; 15h Ter\u00e7o da Divina Miseric\u00f3rdia; 17h Atendimento &#8211; GPS: 38.628180, 9.118720 (H\u00e1 lugar para estacionar) * Na Igreja S\u00e3o Jo\u00e3o Batista SCALABRINI &#8211; Rua do Minho, 14 (Cruz de Pau) Amora &#8211; [&hellip;]<\/p>\n","protected":false},"author":2,"featured_media":0,"comment_status":"open","ping_status":"closed","sticky":true,"template":"","format":"standard","meta":{"_bbp_topic_count":0,"_bbp_reply_count":0,"_bbp_total_topic_count":0,"_bbp_total_reply_count":0,"_bbp_voice_count":0,"_bbp_anonymous_reply_count":0,"_bbp_topic_count_hidden":0,"_bbp_reply_count_hidden":0,"_bbp_forum_subforum_count":0,"footnotes":""},"categories":[66],"tags":[],"class_list":["post-4030","post","type-post","status-publish","format-standard","hentry","category-encontros"],"_links":{"self":[{"href":"https:\/\/www.padreleo.org\/index.php?rest_route=\/wp\/v2\/posts\/4030","targetHints":{"allow":["GET"]}}],"collection":[{"href":"https:\/\/www.padreleo.org\/index.php?rest_route=\/wp\/v2\/posts"}],"about":[{"href":"https:\/\/www.padreleo.org\/index.php?rest_route=\/wp\/v2\/types\/post"}],"author":[{"embeddable":true,"href":"https:\/\/www.padreleo.org\/index.php?rest_route=\/wp\/v2\/users\/2"}],"replies":[{"embeddable":true,"href":"https:\/\/www.padreleo.org\/index.php?rest_route=%2Fwp%2Fv2%2Fcomments&post=4030"}],"version-history":[{"count":287,"href":"https:\/\/www.padreleo.org\/index.php?rest_route=\/wp\/v2\/posts\/4030\/revisions"}],"predecessor-version":[{"id":6633,"href":"https:\/\/www.padreleo.org\/index.php?rest_route=\/wp\/v2\/posts\/4030\/revisions\/6633"}],"wp:attachment":[{"href":"https:\/\/www.padreleo.org\/index.php?rest_route=%2Fwp%2Fv2%2Fmedia&parent=4030"}],"wp:term":[{"taxonomy":"category","embeddable":true,"href":"https:\/\/www.padreleo.org\/index.php?rest_route=%2Fwp%2Fv2%2Fcategories&post=4030"},{"taxonomy":"post_tag","embeddable":true,"href":"https:\/\/www.padreleo.org\/index.php?rest_route=%2Fwp%2Fv2%2Ftags&post=4030"}],"curies":[{"name":"wp","href":"https:\/\/api.w.org\/{rel}","templated":true}]}}