{"id":1535,"date":"2020-01-01T09:28:02","date_gmt":"2020-01-01T09:28:02","guid":{"rendered":"http:\/\/www.padreleo.org\/?p=1535"},"modified":"2022-05-28T14:28:52","modified_gmt":"2022-05-28T14:28:52","slug":"oracao-em-linguas","status":"publish","type":"post","link":"https:\/\/www.padreleo.org\/?p=1535","title":{"rendered":"Ora\u00e7\u00e3o em L\u00ednguas"},"content":{"rendered":"<p><img loading=\"lazy\" decoding=\"async\" src=\"https:\/\/www.padreleo.org\/media\/Oracao-em-linguas.jpg\" alt=\"\" width=\"295\" height=\"109\" class=\"alignnone size-full wp-image-4199\" \/><\/p>\n<p>No dia de Pentecostes <em>\u00abTodos ficaram cheios do Esp\u00edrito Santo e come\u00e7aram a falar outras l\u00ednguas, conforme o Esp\u00edrito lhes inspirava que se exprimissem\u00bb<\/em> (Actos 2,4). A ora\u00e7\u00e3o em l\u00ednguas \u00e9 um dom do Esp\u00edrito Santo, um dom de ora\u00e7\u00e3o, pois, como diz S\u00e3o Paulo, <em>\u00abquem ora em l\u00ednguas, n\u00e3o fala aos homens, mas a Deus\u00bb<\/em> (1Cor 14,2). \u00c9 uma ora\u00e7\u00e3o sem palavras, feita de gemidos e silabas, rezadas ou cantadas. Quem ora em l\u00ednguas n\u00e3o precisa de conceitos o palavras compreens\u00edveis, mas os gemidos de uma crian\u00e7a que ainda n\u00e3o sabe falar, mas a m\u00e3e compreende o que quer dizer. Quem ora em l\u00edngua est\u00e1 a falar com Deus, pronuncia silabas que ningu\u00e9m entende, nem deve intender, se intendesse n\u00e3o seria ora\u00e7\u00e3o em l\u00ednguas. \u00c9 uma ora\u00e7\u00e3o passiva. Quem ora em l\u00ednguas n\u00e3o sabe o que est\u00e1 a dizer, mas deixa que o Esp\u00edrito Santo interceda segundo a Vontade de Deus, pois <em>\u00abnem sequer sabemos o que devemos pedir, mas o Esp\u00edrito Santo vem ao nosso encontro e intercede em n\u00f3s e por n\u00f3s com gemidos incompreens\u00edveis\u00bb<\/em> (Rom 8, 26). S\u00e3o Paulo p\u00f5es em primeiro lugar o dom da profecia, mas aprecia a ora\u00e7\u00e3o em l\u00ednguas. Ele mesmo testemunha: <em>\u00abGra\u00e7as a Deus que possuo o dom de l\u00ednguas, superior a todos v\u00f3s\u00bb<\/em> (1Cor 14,18). A ora\u00e7\u00e3o em l\u00ednguas \u00e9 poderosa porque \u00e9 o Esp\u00edrito Santo que ora em n\u00f3s. \u00c9 uma ora\u00e7\u00e3o que enche de paz, que cura e liberta, que fortalece a f\u00e9, a esperan\u00e7a e a caridade. Clique aqui:\u00a0 <a href=\"https:\/\/www.padreleo.org\/media\/oracao-em-linguas.pptx\">oracao-em-linguas<\/a><\/p>\n","protected":false},"excerpt":{"rendered":"<p>No dia de Pentecostes \u00abTodos ficaram cheios do Esp\u00edrito Santo e come\u00e7aram a falar outras l\u00ednguas, conforme o Esp\u00edrito lhes inspirava que se exprimissem\u00bb (Actos 2,4). A ora\u00e7\u00e3o em l\u00ednguas \u00e9 um dom do Esp\u00edrito Santo, um dom de ora\u00e7\u00e3o, pois, como diz S\u00e3o Paulo, \u00abquem ora em l\u00ednguas, n\u00e3o fala aos homens, mas a [&hellip;]<\/p>\n","protected":false},"author":2,"featured_media":0,"comment_status":"open","ping_status":"open","sticky":false,"template":"","format":"standard","meta":{"_bbp_topic_count":0,"_bbp_reply_count":0,"_bbp_total_topic_count":0,"_bbp_total_reply_count":0,"_bbp_voice_count":0,"_bbp_anonymous_reply_count":0,"_bbp_topic_count_hidden":0,"_bbp_reply_count_hidden":0,"_bbp_forum_subforum_count":0,"footnotes":""},"categories":[111],"tags":[],"class_list":["post-1535","post","type-post","status-publish","format-standard","hentry","category-oracao-e-vida"],"_links":{"self":[{"href":"https:\/\/www.padreleo.org\/index.php?rest_route=\/wp\/v2\/posts\/1535","targetHints":{"allow":["GET"]}}],"collection":[{"href":"https:\/\/www.padreleo.org\/index.php?rest_route=\/wp\/v2\/posts"}],"about":[{"href":"https:\/\/www.padreleo.org\/index.php?rest_route=\/wp\/v2\/types\/post"}],"author":[{"embeddable":true,"href":"https:\/\/www.padreleo.org\/index.php?rest_route=\/wp\/v2\/users\/2"}],"replies":[{"embeddable":true,"href":"https:\/\/www.padreleo.org\/index.php?rest_route=%2Fwp%2Fv2%2Fcomments&post=1535"}],"version-history":[{"count":10,"href":"https:\/\/www.padreleo.org\/index.php?rest_route=\/wp\/v2\/posts\/1535\/revisions"}],"predecessor-version":[{"id":4201,"href":"https:\/\/www.padreleo.org\/index.php?rest_route=\/wp\/v2\/posts\/1535\/revisions\/4201"}],"wp:attachment":[{"href":"https:\/\/www.padreleo.org\/index.php?rest_route=%2Fwp%2Fv2%2Fmedia&parent=1535"}],"wp:term":[{"taxonomy":"category","embeddable":true,"href":"https:\/\/www.padreleo.org\/index.php?rest_route=%2Fwp%2Fv2%2Fcategories&post=1535"},{"taxonomy":"post_tag","embeddable":true,"href":"https:\/\/www.padreleo.org\/index.php?rest_route=%2Fwp%2Fv2%2Ftags&post=1535"}],"curies":[{"name":"wp","href":"https:\/\/api.w.org\/{rel}","templated":true}]}}