{"id":1194,"date":"2018-01-21T10:15:22","date_gmt":"2018-01-21T10:15:22","guid":{"rendered":"http:\/\/www.padreleo.org\/?p=1194"},"modified":"2022-07-20T09:54:09","modified_gmt":"2022-07-20T09:54:09","slug":"reiki-principios-de-avaliacao","status":"publish","type":"post","link":"https:\/\/www.padreleo.org\/?p=1194","title":{"rendered":"REIKI &#8211; Princ\u00edpios de Avalia\u00e7\u00e3o"},"content":{"rendered":"<p>PRINC\u00cdPIOS DE AVALIA\u00c7\u00c3O DO REIKI COMO TERAPIA ALTERNATIVA<br \/>\nComiss\u00e3o para a Doutrina da F\u00e9 da Confer\u00eancia Episcopal dos EUA<\/p>\n<p>1. De vez em quando s\u00e3o levantadas quest\u00f5es acerca das diversas terapias alternativas que est\u00e3o presentes nos Estados Unidos. Por vezes os Bispos s\u00e3o questionados: Qual \u00e9 a posi\u00e7\u00e3o da Igreja acerca dessas terapias dessas terapias? A Comiss\u00e3o Episcopal dos Estados Unidos para a Doutrina da F\u00e9 preparou este subs\u00eddio, com o fim de ajudar os bispos a responder a esta quest\u00e3o.<\/p>\n<p>O Catecismo da Igreja Cat\u00f3lica, ao n\u00ba 1508, afirma:<br \/>\nO Esp\u00edrito Santo confere a alguns o carisma especial de poderem curar (1Cor 12, 9.28.30) para manifestar a for\u00e7a da gra\u00e7a do Ressuscitado. Todavia, nem as ora\u00e7\u00f5es mais fervorosas obt\u00eam sempre a cura de todas as doen\u00e7as. Assim, S\u00e3o Paulo deve aprender do Senhor que \u00aba minha gra\u00e7a te basta: pois na fraqueza \u00e9 que a minha for\u00e7a actua plenamente\u00bb (2 Cor 12, 9), e que os sofrimentos a suportar podem ter como sentido que \u00abeu complete na minha carne o que falta \u00e0 paix\u00e3o de Cristo, em benef\u00edcio do seu corpo, que \u00e9 a Igreja\u00bb (Cl 1, 24).<\/p>\n<p>Para ler o documento: <a href=\"https:\/\/www.padreleo.org\/media\/Principios-de-avalicao-do-Reiki-como-terapia-alternativa.pdf\">Princ\u00edpios de avalia\u00e7\u00e3o do Reiki como terapia alternativa<\/a><\/p>\n","protected":false},"excerpt":{"rendered":"<p>PRINC\u00cdPIOS DE AVALIA\u00c7\u00c3O DO REIKI COMO TERAPIA ALTERNATIVA Comiss\u00e3o para a Doutrina da F\u00e9 da Confer\u00eancia Episcopal dos EUA 1. De vez em quando s\u00e3o levantadas quest\u00f5es acerca das diversas terapias alternativas que est\u00e3o presentes nos Estados Unidos. Por vezes os Bispos s\u00e3o questionados: Qual \u00e9 a posi\u00e7\u00e3o da Igreja acerca dessas terapias dessas terapias? [&hellip;]<\/p>\n","protected":false},"author":2,"featured_media":0,"comment_status":"open","ping_status":"open","sticky":false,"template":"","format":"standard","meta":{"_bbp_topic_count":0,"_bbp_reply_count":0,"_bbp_total_topic_count":0,"_bbp_total_reply_count":0,"_bbp_voice_count":0,"_bbp_anonymous_reply_count":0,"_bbp_topic_count_hidden":0,"_bbp_reply_count_hidden":0,"_bbp_forum_subforum_count":0,"footnotes":""},"categories":[109],"tags":[65],"class_list":["post-1194","post","type-post","status-publish","format-standard","hentry","category-doutrina-sobre-os-anjos-e-os-demonios","tag-reiki"],"_links":{"self":[{"href":"https:\/\/www.padreleo.org\/index.php?rest_route=\/wp\/v2\/posts\/1194","targetHints":{"allow":["GET"]}}],"collection":[{"href":"https:\/\/www.padreleo.org\/index.php?rest_route=\/wp\/v2\/posts"}],"about":[{"href":"https:\/\/www.padreleo.org\/index.php?rest_route=\/wp\/v2\/types\/post"}],"author":[{"embeddable":true,"href":"https:\/\/www.padreleo.org\/index.php?rest_route=\/wp\/v2\/users\/2"}],"replies":[{"embeddable":true,"href":"https:\/\/www.padreleo.org\/index.php?rest_route=%2Fwp%2Fv2%2Fcomments&post=1194"}],"version-history":[{"count":16,"href":"https:\/\/www.padreleo.org\/index.php?rest_route=\/wp\/v2\/posts\/1194\/revisions"}],"predecessor-version":[{"id":5307,"href":"https:\/\/www.padreleo.org\/index.php?rest_route=\/wp\/v2\/posts\/1194\/revisions\/5307"}],"wp:attachment":[{"href":"https:\/\/www.padreleo.org\/index.php?rest_route=%2Fwp%2Fv2%2Fmedia&parent=1194"}],"wp:term":[{"taxonomy":"category","embeddable":true,"href":"https:\/\/www.padreleo.org\/index.php?rest_route=%2Fwp%2Fv2%2Fcategories&post=1194"},{"taxonomy":"post_tag","embeddable":true,"href":"https:\/\/www.padreleo.org\/index.php?rest_route=%2Fwp%2Fv2%2Ftags&post=1194"}],"curies":[{"name":"wp","href":"https:\/\/api.w.org\/{rel}","templated":true}]}}