{"id":1006,"date":"2018-12-23T13:31:57","date_gmt":"2018-12-23T13:31:57","guid":{"rendered":"http:\/\/www.padreleo.org\/?p=1006"},"modified":"2023-12-08T11:07:13","modified_gmt":"2023-12-08T11:07:13","slug":"maria-mulher-do-povo","status":"publish","type":"post","link":"https:\/\/www.padreleo.org\/?p=1006","title":{"rendered":"Maria, mulher do povo"},"content":{"rendered":"<p>Segundo os relatos do Evangelho, Maria\u201a \u00e9 a Senhora que se levanta e caminha. O caminhar de Maria foi sempre a subir. Subiu a monte da visita\u00e7\u00e3o, subiu o monte de Jerusal\u00e9m, subiu o monte Calv\u00e1rio, subiu ao Cen\u00e1culo\u201a ao segundo andar, esperando a vinda do Esp\u00edrito Santo. Ela soube sempre, at\u00e9 \u00e0 sua \u00faltima subida: a Assun\u00e7\u00e3o.<br \/>\n&#8211; <a href=\"https:\/\/www.padreleo.org\/media\/Santa-Maria-do-Caminho.pdf\">Santa Maria do Caminho<\/a><br \/>\n&#8211; <a href=\"https:\/\/www.padreleo.org\/media\/Quero-ser-como-Tu-Maria.pdf\">Quero ser como Tu, Maria<\/a><\/p>\n<p>Maria viveu na terra, nesta terra. A sua vida foi semelhante a das outras mulheres da altura. A sua vida foi cheia de cuidados e de trabalhos. A sua maneira de viver de Maria \u00e9 t\u00e3o pr\u00f3xima da nossa vida di\u00e1ria, das nossa fadigas humanas, das nossas alegrias e ang\u00fastias. A vida simples e humilde de Maria ajuda-nos a perceber que cada instante da nossa vida, cada gesto, cada a\u00e7\u00e3o, por pequeno que seja, \u00e9 importante para Deus.<br \/>\n&#8211; <a href=\"https:\/\/www.padreleo.org\/media\/Maria-mulher-como-as-outras-mulheres.pdf\">Maria mulher como as outras mulheres<\/a><br \/>\n&#8211; <a href=\"https:\/\/www.padreleo.org\/media\/Oracao-Maria-mulher-do-dia-a-dia.pdf\">Ora\u00e7\u00e3o, Maria mulher do dia-a-dia<\/a><br \/>\n&#8211; <a href=\"https:\/\/www.padreleo.org\/media\/Maria-a-Senhora-do-silencio-1.pdf\">Ora\u00e7\u00e3o, Maria, a Senhora do sil\u00eancio<\/a><br \/>\n&#8211; <a href=\"https:\/\/www.padreleo.org\/media\/A-Imaculada-conceicao-da-Virgem-Maria.pdf\">A Imaculada Concei\u00e7\u00e3o da Virgem Maria<\/a><\/p>\n","protected":false},"excerpt":{"rendered":"<p>Segundo os relatos do Evangelho, Maria\u201a \u00e9 a Senhora que se levanta e caminha. O caminhar de Maria foi sempre a subir. Subiu a monte da visita\u00e7\u00e3o, subiu o monte de Jerusal\u00e9m, subiu o monte Calv\u00e1rio, subiu ao Cen\u00e1culo\u201a ao segundo andar, esperando a vinda do Esp\u00edrito Santo. Ela soube sempre, at\u00e9 \u00e0 sua \u00faltima [&hellip;]<\/p>\n","protected":false},"author":2,"featured_media":0,"comment_status":"open","ping_status":"open","sticky":false,"template":"","format":"standard","meta":{"_bbp_topic_count":0,"_bbp_reply_count":0,"_bbp_total_topic_count":0,"_bbp_total_reply_count":0,"_bbp_voice_count":0,"_bbp_anonymous_reply_count":0,"_bbp_topic_count_hidden":0,"_bbp_reply_count_hidden":0,"_bbp_forum_subforum_count":0,"footnotes":""},"categories":[10],"tags":[64],"class_list":["post-1006","post","type-post","status-publish","format-standard","hentry","category-maria-de-nazare","tag-maria-de-nazara"],"_links":{"self":[{"href":"https:\/\/www.padreleo.org\/index.php?rest_route=\/wp\/v2\/posts\/1006","targetHints":{"allow":["GET"]}}],"collection":[{"href":"https:\/\/www.padreleo.org\/index.php?rest_route=\/wp\/v2\/posts"}],"about":[{"href":"https:\/\/www.padreleo.org\/index.php?rest_route=\/wp\/v2\/types\/post"}],"author":[{"embeddable":true,"href":"https:\/\/www.padreleo.org\/index.php?rest_route=\/wp\/v2\/users\/2"}],"replies":[{"embeddable":true,"href":"https:\/\/www.padreleo.org\/index.php?rest_route=%2Fwp%2Fv2%2Fcomments&post=1006"}],"version-history":[{"count":13,"href":"https:\/\/www.padreleo.org\/index.php?rest_route=\/wp\/v2\/posts\/1006\/revisions"}],"predecessor-version":[{"id":6098,"href":"https:\/\/www.padreleo.org\/index.php?rest_route=\/wp\/v2\/posts\/1006\/revisions\/6098"}],"wp:attachment":[{"href":"https:\/\/www.padreleo.org\/index.php?rest_route=%2Fwp%2Fv2%2Fmedia&parent=1006"}],"wp:term":[{"taxonomy":"category","embeddable":true,"href":"https:\/\/www.padreleo.org\/index.php?rest_route=%2Fwp%2Fv2%2Fcategories&post=1006"},{"taxonomy":"post_tag","embeddable":true,"href":"https:\/\/www.padreleo.org\/index.php?rest_route=%2Fwp%2Fv2%2Ftags&post=1006"}],"curies":[{"name":"wp","href":"https:\/\/api.w.org\/{rel}","templated":true}]}}